{"id":20194,"date":"2021-02-19T19:54:46","date_gmt":"2021-02-19T19:54:46","guid":{"rendered":"https:\/\/blogdorogeriogomes.com.br\/?p=20194"},"modified":"2021-02-22T21:56:08","modified_gmt":"2021-02-22T21:56:08","slug":"sesa-estima-que-67-pacientes-em-upas-com-covid-19-estao-na-fila-por-leitos-de-uti","status":"publish","type":"post","link":"https:\/\/blogdorogeriogomes.com.br\/noticias\/2021\/02\/sesa-estima-que-67-pacientes-em-upas-com-covid-19-estao-na-fila-por-leitos-de-uti\/","title":{"rendered":"Sesa estima que 67 pacientes em UPAs com Covid-19 est\u00e3o na fila por leitos de UTI"},"content":{"rendered":"\n<p>O secret\u00e1rio da Sa\u00fade do Cear\u00e1, Dr. Cabeto, confirmou, na tarde desta sexta-feira, dia 19 de fevereiro, que h\u00e1 67 pessoas em Unidades de Pronto Atendimento (UPAs) na fila por um leito de UTI por causa de complica\u00e7\u00f5es da Covid-19. O problema ocorre diante do crescimento de casos e apesar da amplia\u00e7\u00e3o dos leitos da Unidade de Tratamento Intensivo na rede p\u00fablica estadual. A meta da Secretaria de Sa\u00fade do Cear\u00e1 \u00e9 ofertar 1.000 leitos de UTI at\u00e9 o in\u00edcio de abril. <\/p>\n\n\n\n<p>Dr. Cabeto avalia que, com o aparecimento das variantes do coronav\u00edrus, o cen\u00e1rio epidemiol\u00f3gico da Covid-19 no Cear\u00e1 &#8220;come\u00e7a a se assemelhar ao que vivemos em abril e maio do ano passado&#8221;. Os dois meses concentraram o maior n\u00famero de casos e \u00f3bitos pela doen\u00e7a e foram considerados como pico da pandemia no Estado.<\/p>\n\n\n\n<figure class=\"wp-block-image size-large\"><img loading=\"lazy\" decoding=\"async\" width=\"1024\" height=\"575\" src=\"https:\/\/blogdorogeriogomes.com.br\/wp-content\/uploads\/2021\/02\/UPA-1024x575.jpg\" alt=\"\" class=\"wp-image-20195\" srcset=\"https:\/\/blogdorogeriogomes.com.br\/noticias\/wp-content\/uploads\/2021\/02\/UPA-1024x575.jpg 1024w, https:\/\/blogdorogeriogomes.com.br\/noticias\/wp-content\/uploads\/2021\/02\/UPA-300x169.jpg 300w, https:\/\/blogdorogeriogomes.com.br\/noticias\/wp-content\/uploads\/2021\/02\/UPA-768x431.jpg 768w, https:\/\/blogdorogeriogomes.com.br\/noticias\/wp-content\/uploads\/2021\/02\/UPA-800x449.jpg 800w, https:\/\/blogdorogeriogomes.com.br\/noticias\/wp-content\/uploads\/2021\/02\/UPA.jpg 1280w\" sizes=\"auto, (max-width: 1024px) 100vw, 1024px\" \/><\/figure>\n","protected":false},"excerpt":{"rendered":"<p>O secret\u00e1rio da Sa\u00fade do Cear\u00e1, Dr. Cabeto, confirmou, na tarde desta sexta-feira, dia 19 de fevereiro, que h\u00e1 67 pessoas em Unidades de Pronto Atendimento (UPAs) na fila por um leito de UTI por causa de complica\u00e7\u00f5es da Covid-19. O problema ocorre diante do crescimento de casos e apesar da amplia\u00e7\u00e3o dos leitos da Unidade de Tratamento Intensivo na rede p\u00fablica estadual. A meta da Secretaria de Sa\u00fade do Cear\u00e1 \u00e9 ofertar 1.000 leitos de UTI at\u00e9 o&hellip;<\/p>\n","protected":false},"author":1,"featured_media":20195,"comment_status":"open","ping_status":"open","sticky":false,"template":"","format":"standard","meta":{"footnotes":""},"categories":[1],"tags":[],"class_list":["post-20194","post","type-post","status-publish","format-standard","has-post-thumbnail","hentry","category-noticias"],"_links":{"self":[{"href":"https:\/\/blogdorogeriogomes.com.br\/noticias\/wp-json\/wp\/v2\/posts\/20194","targetHints":{"allow":["GET"]}}],"collection":[{"href":"https:\/\/blogdorogeriogomes.com.br\/noticias\/wp-json\/wp\/v2\/posts"}],"about":[{"href":"https:\/\/blogdorogeriogomes.com.br\/noticias\/wp-json\/wp\/v2\/types\/post"}],"author":[{"embeddable":true,"href":"https:\/\/blogdorogeriogomes.com.br\/noticias\/wp-json\/wp\/v2\/users\/1"}],"replies":[{"embeddable":true,"href":"https:\/\/blogdorogeriogomes.com.br\/noticias\/wp-json\/wp\/v2\/comments?post=20194"}],"version-history":[{"count":1,"href":"https:\/\/blogdorogeriogomes.com.br\/noticias\/wp-json\/wp\/v2\/posts\/20194\/revisions"}],"predecessor-version":[{"id":20196,"href":"https:\/\/blogdorogeriogomes.com.br\/noticias\/wp-json\/wp\/v2\/posts\/20194\/revisions\/20196"}],"wp:featuredmedia":[{"embeddable":true,"href":"https:\/\/blogdorogeriogomes.com.br\/noticias\/wp-json\/wp\/v2\/media\/20195"}],"wp:attachment":[{"href":"https:\/\/blogdorogeriogomes.com.br\/noticias\/wp-json\/wp\/v2\/media?parent=20194"}],"wp:term":[{"taxonomy":"category","embeddable":true,"href":"https:\/\/blogdorogeriogomes.com.br\/noticias\/wp-json\/wp\/v2\/categories?post=20194"},{"taxonomy":"post_tag","embeddable":true,"href":"https:\/\/blogdorogeriogomes.com.br\/noticias\/wp-json\/wp\/v2\/tags?post=20194"}],"curies":[{"name":"wp","href":"https:\/\/api.w.org\/{rel}","templated":true}]}}