{"id":20197,"date":"2021-02-19T23:08:28","date_gmt":"2021-02-19T23:08:28","guid":{"rendered":"https:\/\/blogdorogeriogomes.com.br\/?p=20197"},"modified":"2021-02-22T21:55:20","modified_gmt":"2021-02-22T21:55:20","slug":"bolsonaro-demite-presidente-da-petrobras-e-esquenta-a-crise-da-alta-de-combustiveis","status":"publish","type":"post","link":"https:\/\/blogdorogeriogomes.com.br\/noticias\/2021\/02\/bolsonaro-demite-presidente-da-petrobras-e-esquenta-a-crise-da-alta-de-combustiveis\/","title":{"rendered":"Bolsonaro demite presidente da Petrobras e esquenta a crise da alta de combust\u00edveis"},"content":{"rendered":"\n<p>Depois de uma r\u00e1pida viagem ao Nordeste, nesta sexta-feira, dia 19 de fevereiro, onde voltou a promover aglomera\u00e7\u00f5es, com pessoas sem m\u00e1scara e defendendo o fim do distanciamento social, o presidente Jair Bolsonaro decidiu no fim da tarde demitir o presidente da Petrobras, Roberto Castello Branco. Ele comunicou a escolha do General Joaquim Silva e Luna para assumir a empresa. A decis\u00e3o esquenta ainda mais a crise em torno da alta de combust\u00edveis. S\u00f3 este ano, a Petrobras j\u00e1 autorizou quatro reajustes da gasolina e g\u00e1s de cozinha.<\/p>\n\n\n\n<p>Com a amea\u00e7a de interven\u00e7\u00e3o na estatal, o principal \u00edndice da bolsa de valores brasileira, a B3, caiu 0,64% nesta sexta-feira, puxado pelo recuo de mais de 6% nas a\u00e7\u00f5es preferenciais e de 7,5% nas a\u00e7\u00f5es ordin\u00e1rias da Petrobras. Resta saber como vai agir agora o mercado financeiro diante da atitude de Bolsonaro. E tamb\u00e9m como fica o ministro da Economia, Paulo Guedes, diante dessa crise.<\/p>\n\n\n\n<figure class=\"wp-block-image size-large\"><img loading=\"lazy\" decoding=\"async\" width=\"450\" height=\"337\" src=\"https:\/\/blogdorogeriogomes.com.br\/wp-content\/uploads\/2021\/02\/19fev2021-sem-mascara-presidente-jair-bolsonaro-causa-aglomeracao-em-campina-grande-pb-1613761014491_v2_450x337.jpg\" alt=\"\" class=\"wp-image-20198\" srcset=\"https:\/\/blogdorogeriogomes.com.br\/noticias\/wp-content\/uploads\/2021\/02\/19fev2021-sem-mascara-presidente-jair-bolsonaro-causa-aglomeracao-em-campina-grande-pb-1613761014491_v2_450x337.jpg 450w, https:\/\/blogdorogeriogomes.com.br\/noticias\/wp-content\/uploads\/2021\/02\/19fev2021-sem-mascara-presidente-jair-bolsonaro-causa-aglomeracao-em-campina-grande-pb-1613761014491_v2_450x337-300x225.jpg 300w, https:\/\/blogdorogeriogomes.com.br\/noticias\/wp-content\/uploads\/2021\/02\/19fev2021-sem-mascara-presidente-jair-bolsonaro-causa-aglomeracao-em-campina-grande-pb-1613761014491_v2_450x337-400x300.jpg 400w\" sizes=\"auto, (max-width: 450px) 100vw, 450px\" \/><\/figure>\n\n\n\n<p><\/p>\n","protected":false},"excerpt":{"rendered":"<p>Depois de uma r\u00e1pida viagem ao Nordeste, nesta sexta-feira, dia 19 de fevereiro, onde voltou a promover aglomera\u00e7\u00f5es, com pessoas sem m\u00e1scara e defendendo o fim do distanciamento social, o presidente Jair Bolsonaro decidiu no fim da tarde demitir o presidente da Petrobras, Roberto Castello Branco. Ele comunicou a escolha do General Joaquim Silva e Luna para assumir a empresa. A decis\u00e3o esquenta ainda mais a crise em torno da alta de combust\u00edveis. S\u00f3 este ano, a Petrobras j\u00e1&hellip;<\/p>\n","protected":false},"author":1,"featured_media":20198,"comment_status":"open","ping_status":"open","sticky":false,"template":"","format":"standard","meta":{"footnotes":""},"categories":[1],"tags":[],"class_list":["post-20197","post","type-post","status-publish","format-standard","has-post-thumbnail","hentry","category-noticias"],"_links":{"self":[{"href":"https:\/\/blogdorogeriogomes.com.br\/noticias\/wp-json\/wp\/v2\/posts\/20197","targetHints":{"allow":["GET"]}}],"collection":[{"href":"https:\/\/blogdorogeriogomes.com.br\/noticias\/wp-json\/wp\/v2\/posts"}],"about":[{"href":"https:\/\/blogdorogeriogomes.com.br\/noticias\/wp-json\/wp\/v2\/types\/post"}],"author":[{"embeddable":true,"href":"https:\/\/blogdorogeriogomes.com.br\/noticias\/wp-json\/wp\/v2\/users\/1"}],"replies":[{"embeddable":true,"href":"https:\/\/blogdorogeriogomes.com.br\/noticias\/wp-json\/wp\/v2\/comments?post=20197"}],"version-history":[{"count":1,"href":"https:\/\/blogdorogeriogomes.com.br\/noticias\/wp-json\/wp\/v2\/posts\/20197\/revisions"}],"predecessor-version":[{"id":20199,"href":"https:\/\/blogdorogeriogomes.com.br\/noticias\/wp-json\/wp\/v2\/posts\/20197\/revisions\/20199"}],"wp:featuredmedia":[{"embeddable":true,"href":"https:\/\/blogdorogeriogomes.com.br\/noticias\/wp-json\/wp\/v2\/media\/20198"}],"wp:attachment":[{"href":"https:\/\/blogdorogeriogomes.com.br\/noticias\/wp-json\/wp\/v2\/media?parent=20197"}],"wp:term":[{"taxonomy":"category","embeddable":true,"href":"https:\/\/blogdorogeriogomes.com.br\/noticias\/wp-json\/wp\/v2\/categories?post=20197"},{"taxonomy":"post_tag","embeddable":true,"href":"https:\/\/blogdorogeriogomes.com.br\/noticias\/wp-json\/wp\/v2\/tags?post=20197"}],"curies":[{"name":"wp","href":"https:\/\/api.w.org\/{rel}","templated":true}]}}