{"id":20209,"date":"2021-02-22T12:44:12","date_gmt":"2021-02-22T12:44:12","guid":{"rendered":"https:\/\/blogdorogeriogomes.com.br\/?p=20209"},"modified":"2021-02-22T21:54:14","modified_gmt":"2021-02-22T21:54:14","slug":"ceara-tem-13-unidades-de-saude-com-100-de-lotacao-nos-leitos-de-uti","status":"publish","type":"post","link":"https:\/\/blogdorogeriogomes.com.br\/noticias\/2021\/02\/ceara-tem-13-unidades-de-saude-com-100-de-lotacao-nos-leitos-de-uti\/","title":{"rendered":"Cear\u00e1 tem 13 unidades de sa\u00fade com 100% de lota\u00e7\u00e3o nos leitos de UTI"},"content":{"rendered":"\n<p>As interna\u00e7\u00f5es de pacientes com a Covid-19 continuam assustando as autoridades de sa\u00fade no Cear\u00e1. J\u00e1 s\u00e3o 13 unidades da sa\u00fade no Estado com 100% dos leitos de UTI ocupados. \u00c9 o caso em Fortaleza dos hospitais S\u00e3o Carlos, Uniclinic e S\u00e3o Vicente. Outros 12 hospitais no Cear\u00e1 est\u00e3o com ocupa\u00e7\u00e3o das UTIs acima de 80%.<\/p>\n\n\n\n<p>O Cear\u00e1 tem&nbsp;410.907 casos confirmados de Covid-19. S\u00e3o 2.215 casos a mais do que o n\u00famero registrado nas \u00faltimas 24 horas.&nbsp;Em rela\u00e7\u00e3o aos \u00f3bitos, 10.968 pessoas perderam a vida&nbsp;desde o come\u00e7o da pandemia.<\/p>\n\n\n\n<p>No balan\u00e7o divulgado na noite deste domingo, dia 21 de fevereiro, o Brasil registra&nbsp;10.167.300 casos confirmados e 246.560 mortes por Covid-19.<\/p>\n\n\n\n<figure class=\"wp-block-image size-large\"><img loading=\"lazy\" decoding=\"async\" width=\"750\" height=\"500\" src=\"https:\/\/blogdorogeriogomes.com.br\/wp-content\/uploads\/2021\/02\/1_divulgacao-14915820.jpg\" alt=\"\" class=\"wp-image-20210\" srcset=\"https:\/\/blogdorogeriogomes.com.br\/noticias\/wp-content\/uploads\/2021\/02\/1_divulgacao-14915820.jpg 750w, https:\/\/blogdorogeriogomes.com.br\/noticias\/wp-content\/uploads\/2021\/02\/1_divulgacao-14915820-300x200.jpg 300w\" sizes=\"auto, (max-width: 750px) 100vw, 750px\" \/><\/figure>\n\n\n\n<p><\/p>\n","protected":false},"excerpt":{"rendered":"<p>As interna\u00e7\u00f5es de pacientes com a Covid-19 continuam assustando as autoridades de sa\u00fade no Cear\u00e1. J\u00e1 s\u00e3o 13 unidades da sa\u00fade no Estado com 100% dos leitos de UTI ocupados. \u00c9 o caso em Fortaleza dos hospitais S\u00e3o Carlos, Uniclinic e S\u00e3o Vicente. Outros 12 hospitais no Cear\u00e1 est\u00e3o com ocupa\u00e7\u00e3o das UTIs acima de 80%. O Cear\u00e1 tem&nbsp;410.907 casos confirmados de Covid-19. S\u00e3o 2.215 casos a mais do que o n\u00famero registrado nas \u00faltimas 24 horas.&nbsp;Em rela\u00e7\u00e3o aos&hellip;<\/p>\n","protected":false},"author":1,"featured_media":20210,"comment_status":"open","ping_status":"open","sticky":false,"template":"","format":"standard","meta":{"footnotes":""},"categories":[1],"tags":[],"class_list":["post-20209","post","type-post","status-publish","format-standard","has-post-thumbnail","hentry","category-noticias"],"_links":{"self":[{"href":"https:\/\/blogdorogeriogomes.com.br\/noticias\/wp-json\/wp\/v2\/posts\/20209","targetHints":{"allow":["GET"]}}],"collection":[{"href":"https:\/\/blogdorogeriogomes.com.br\/noticias\/wp-json\/wp\/v2\/posts"}],"about":[{"href":"https:\/\/blogdorogeriogomes.com.br\/noticias\/wp-json\/wp\/v2\/types\/post"}],"author":[{"embeddable":true,"href":"https:\/\/blogdorogeriogomes.com.br\/noticias\/wp-json\/wp\/v2\/users\/1"}],"replies":[{"embeddable":true,"href":"https:\/\/blogdorogeriogomes.com.br\/noticias\/wp-json\/wp\/v2\/comments?post=20209"}],"version-history":[{"count":2,"href":"https:\/\/blogdorogeriogomes.com.br\/noticias\/wp-json\/wp\/v2\/posts\/20209\/revisions"}],"predecessor-version":[{"id":20221,"href":"https:\/\/blogdorogeriogomes.com.br\/noticias\/wp-json\/wp\/v2\/posts\/20209\/revisions\/20221"}],"wp:featuredmedia":[{"embeddable":true,"href":"https:\/\/blogdorogeriogomes.com.br\/noticias\/wp-json\/wp\/v2\/media\/20210"}],"wp:attachment":[{"href":"https:\/\/blogdorogeriogomes.com.br\/noticias\/wp-json\/wp\/v2\/media?parent=20209"}],"wp:term":[{"taxonomy":"category","embeddable":true,"href":"https:\/\/blogdorogeriogomes.com.br\/noticias\/wp-json\/wp\/v2\/categories?post=20209"},{"taxonomy":"post_tag","embeddable":true,"href":"https:\/\/blogdorogeriogomes.com.br\/noticias\/wp-json\/wp\/v2\/tags?post=20209"}],"curies":[{"name":"wp","href":"https:\/\/api.w.org\/{rel}","templated":true}]}}