{"id":20212,"date":"2021-02-22T13:15:31","date_gmt":"2021-02-22T13:15:31","guid":{"rendered":"https:\/\/blogdorogeriogomes.com.br\/?p=20212"},"modified":"2021-02-22T21:54:02","modified_gmt":"2021-02-22T21:54:02","slug":"servidores-municipais-se-reunem-com-prefeitura-de-fortaleza-para-discutir-reforma-da-previdencia","status":"publish","type":"post","link":"https:\/\/blogdorogeriogomes.com.br\/noticias\/2021\/02\/servidores-municipais-se-reunem-com-prefeitura-de-fortaleza-para-discutir-reforma-da-previdencia\/","title":{"rendered":"Servidores municipais se re\u00fanem com Prefeitura de Fortaleza para discutir reforma da previd\u00eancia"},"content":{"rendered":"\n<p>Ap\u00f3s os protestos realizados na semana passada na C\u00e2mara Municipal contra a reforma da previd\u00eancia proposta pela Prefeitura de Fortaleza, as entidades ligadas ao funcionalismo municipal se re\u00fanem, nesta segunda-feira, dia 22 de fevereiro, com a atual administra\u00e7\u00e3o para buscar um entendimento. Os servidores n\u00e3o est\u00e3o satisfeitos com pontos do projeto que retiram direitos adquiridos pelo funcionalismo. Por isso, chegaram a decretar estado de greve na semana passada.<\/p>\n\n\n\n<p>A gest\u00e3o de Jos\u00e9 Sarto j\u00e1 admite rever alguns pontos que constam da emenda de reforma da previd\u00eancia do Munic\u00edpio. Desde a \u00faltima quinta-feira, dia 18, a tramita\u00e7\u00e3o do projeto est\u00e1 suspensa na C\u00e2mara Municipal por determina\u00e7\u00e3o da Justi\u00e7a.<\/p>\n\n\n\n<figure class=\"wp-block-image size-large\"><img loading=\"lazy\" decoding=\"async\" width=\"1024\" height=\"768\" src=\"https:\/\/blogdorogeriogomes.com.br\/wp-content\/uploads\/2021\/02\/9-1024x768-1.jpeg\" alt=\"\" class=\"wp-image-20213\" srcset=\"https:\/\/blogdorogeriogomes.com.br\/noticias\/wp-content\/uploads\/2021\/02\/9-1024x768-1.jpeg 1024w, https:\/\/blogdorogeriogomes.com.br\/noticias\/wp-content\/uploads\/2021\/02\/9-1024x768-1-300x225.jpeg 300w, https:\/\/blogdorogeriogomes.com.br\/noticias\/wp-content\/uploads\/2021\/02\/9-1024x768-1-768x576.jpeg 768w, https:\/\/blogdorogeriogomes.com.br\/noticias\/wp-content\/uploads\/2021\/02\/9-1024x768-1-800x600.jpeg 800w, https:\/\/blogdorogeriogomes.com.br\/noticias\/wp-content\/uploads\/2021\/02\/9-1024x768-1-400x300.jpeg 400w\" sizes=\"auto, (max-width: 1024px) 100vw, 1024px\" \/><\/figure>\n","protected":false},"excerpt":{"rendered":"<p>Ap\u00f3s os protestos realizados na semana passada na C\u00e2mara Municipal contra a reforma da previd\u00eancia proposta pela Prefeitura de Fortaleza, as entidades ligadas ao funcionalismo municipal se re\u00fanem, nesta segunda-feira, dia 22 de fevereiro, com a atual administra\u00e7\u00e3o para buscar um entendimento. Os servidores n\u00e3o est\u00e3o satisfeitos com pontos do projeto que retiram direitos adquiridos pelo funcionalismo. Por isso, chegaram a decretar estado de greve na semana passada. A gest\u00e3o de Jos\u00e9 Sarto j\u00e1 admite rever alguns pontos que&hellip;<\/p>\n","protected":false},"author":1,"featured_media":20213,"comment_status":"open","ping_status":"open","sticky":false,"template":"","format":"standard","meta":{"footnotes":""},"categories":[1],"tags":[],"class_list":["post-20212","post","type-post","status-publish","format-standard","has-post-thumbnail","hentry","category-noticias"],"_links":{"self":[{"href":"https:\/\/blogdorogeriogomes.com.br\/noticias\/wp-json\/wp\/v2\/posts\/20212","targetHints":{"allow":["GET"]}}],"collection":[{"href":"https:\/\/blogdorogeriogomes.com.br\/noticias\/wp-json\/wp\/v2\/posts"}],"about":[{"href":"https:\/\/blogdorogeriogomes.com.br\/noticias\/wp-json\/wp\/v2\/types\/post"}],"author":[{"embeddable":true,"href":"https:\/\/blogdorogeriogomes.com.br\/noticias\/wp-json\/wp\/v2\/users\/1"}],"replies":[{"embeddable":true,"href":"https:\/\/blogdorogeriogomes.com.br\/noticias\/wp-json\/wp\/v2\/comments?post=20212"}],"version-history":[{"count":1,"href":"https:\/\/blogdorogeriogomes.com.br\/noticias\/wp-json\/wp\/v2\/posts\/20212\/revisions"}],"predecessor-version":[{"id":20214,"href":"https:\/\/blogdorogeriogomes.com.br\/noticias\/wp-json\/wp\/v2\/posts\/20212\/revisions\/20214"}],"wp:featuredmedia":[{"embeddable":true,"href":"https:\/\/blogdorogeriogomes.com.br\/noticias\/wp-json\/wp\/v2\/media\/20213"}],"wp:attachment":[{"href":"https:\/\/blogdorogeriogomes.com.br\/noticias\/wp-json\/wp\/v2\/media?parent=20212"}],"wp:term":[{"taxonomy":"category","embeddable":true,"href":"https:\/\/blogdorogeriogomes.com.br\/noticias\/wp-json\/wp\/v2\/categories?post=20212"},{"taxonomy":"post_tag","embeddable":true,"href":"https:\/\/blogdorogeriogomes.com.br\/noticias\/wp-json\/wp\/v2\/tags?post=20212"}],"curies":[{"name":"wp","href":"https:\/\/api.w.org\/{rel}","templated":true}]}}