{"id":20218,"date":"2021-02-22T15:15:26","date_gmt":"2021-02-22T15:15:26","guid":{"rendered":"https:\/\/blogdorogeriogomes.com.br\/?p=20218"},"modified":"2021-02-22T21:53:25","modified_gmt":"2021-02-22T21:53:25","slug":"fevereiro-ja-e-o-mes-com-maior-quantidade-de-pacientes-com-covid-19-em-fortaleza","status":"publish","type":"post","link":"https:\/\/blogdorogeriogomes.com.br\/noticias\/2021\/02\/fevereiro-ja-e-o-mes-com-maior-quantidade-de-pacientes-com-covid-19-em-fortaleza\/","title":{"rendered":"Fevereiro j\u00e1 \u00e9 o m\u00eas com maior quantidade de pacientes com Covid-19 em Fortaleza"},"content":{"rendered":"\n<p>Ainda resta a \u00faltima semana para o fim de fevereiro. Mas a alta de casos da Covid-19 j\u00e1 foi suficiente para tornar este m\u00eas o que registrou a maior quantidade de atendimentos decorrentes do v\u00edrus em toda a pandemia na capital cearense at\u00e9 aqui.<\/p>\n\n\n\n<p>At\u00e9 o \u00faltimo domingo, dia 21, as Unidades de Pronto Atendimento (UPAs) de Fortaleza receberam 7.876 pessoas com os sintomas do novo coronav\u00edrus, 25% a mais do que o pico da pandemia em maio do ano passado. Na \u00e9poca, 6.269 pacientes buscaram tratamento.<\/p>\n\n\n\n<p>Segundo os dados da plataforma IntegraSUS, da Secretaria da Sa\u00fade do Cear\u00e1 (Sesa), as UPAs registraram num total 14.235 atendimentos. Influenza, pneumonia e insufici\u00eancia respirat\u00f3ria foram outras demandas identificadas nos postos de sa\u00fade.<\/p>\n\n\n\n<figure class=\"wp-block-image size-large\"><img loading=\"lazy\" decoding=\"async\" width=\"726\" height=\"422\" src=\"https:\/\/blogdorogeriogomes.com.br\/wp-content\/uploads\/2021\/02\/images-26.jpeg\" alt=\"\" class=\"wp-image-20219\" srcset=\"https:\/\/blogdorogeriogomes.com.br\/noticias\/wp-content\/uploads\/2021\/02\/images-26.jpeg 726w, https:\/\/blogdorogeriogomes.com.br\/noticias\/wp-content\/uploads\/2021\/02\/images-26-300x174.jpeg 300w\" sizes=\"auto, (max-width: 726px) 100vw, 726px\" \/><\/figure>\n","protected":false},"excerpt":{"rendered":"<p>Ainda resta a \u00faltima semana para o fim de fevereiro. Mas a alta de casos da Covid-19 j\u00e1 foi suficiente para tornar este m\u00eas o que registrou a maior quantidade de atendimentos decorrentes do v\u00edrus em toda a pandemia na capital cearense at\u00e9 aqui. At\u00e9 o \u00faltimo domingo, dia 21, as Unidades de Pronto Atendimento (UPAs) de Fortaleza receberam 7.876 pessoas com os sintomas do novo coronav\u00edrus, 25% a mais do que o pico da pandemia em maio do&hellip;<\/p>\n","protected":false},"author":1,"featured_media":20219,"comment_status":"open","ping_status":"open","sticky":false,"template":"","format":"standard","meta":{"footnotes":""},"categories":[1],"tags":[],"class_list":["post-20218","post","type-post","status-publish","format-standard","has-post-thumbnail","hentry","category-noticias"],"_links":{"self":[{"href":"https:\/\/blogdorogeriogomes.com.br\/noticias\/wp-json\/wp\/v2\/posts\/20218","targetHints":{"allow":["GET"]}}],"collection":[{"href":"https:\/\/blogdorogeriogomes.com.br\/noticias\/wp-json\/wp\/v2\/posts"}],"about":[{"href":"https:\/\/blogdorogeriogomes.com.br\/noticias\/wp-json\/wp\/v2\/types\/post"}],"author":[{"embeddable":true,"href":"https:\/\/blogdorogeriogomes.com.br\/noticias\/wp-json\/wp\/v2\/users\/1"}],"replies":[{"embeddable":true,"href":"https:\/\/blogdorogeriogomes.com.br\/noticias\/wp-json\/wp\/v2\/comments?post=20218"}],"version-history":[{"count":1,"href":"https:\/\/blogdorogeriogomes.com.br\/noticias\/wp-json\/wp\/v2\/posts\/20218\/revisions"}],"predecessor-version":[{"id":20220,"href":"https:\/\/blogdorogeriogomes.com.br\/noticias\/wp-json\/wp\/v2\/posts\/20218\/revisions\/20220"}],"wp:featuredmedia":[{"embeddable":true,"href":"https:\/\/blogdorogeriogomes.com.br\/noticias\/wp-json\/wp\/v2\/media\/20219"}],"wp:attachment":[{"href":"https:\/\/blogdorogeriogomes.com.br\/noticias\/wp-json\/wp\/v2\/media?parent=20218"}],"wp:term":[{"taxonomy":"category","embeddable":true,"href":"https:\/\/blogdorogeriogomes.com.br\/noticias\/wp-json\/wp\/v2\/categories?post=20218"},{"taxonomy":"post_tag","embeddable":true,"href":"https:\/\/blogdorogeriogomes.com.br\/noticias\/wp-json\/wp\/v2\/tags?post=20218"}],"curies":[{"name":"wp","href":"https:\/\/api.w.org\/{rel}","templated":true}]}}