{"id":20235,"date":"2021-02-23T19:20:50","date_gmt":"2021-02-23T19:20:50","guid":{"rendered":"https:\/\/blogdorogeriogomes.com.br\/?p=20235"},"modified":"2021-02-24T20:07:23","modified_gmt":"2021-02-24T20:07:23","slug":"ricardo-cavalcante-e-empossado-como-presidente-da-associacao-nordeste-forte","status":"publish","type":"post","link":"https:\/\/blogdorogeriogomes.com.br\/noticias\/2021\/02\/ricardo-cavalcante-e-empossado-como-presidente-da-associacao-nordeste-forte\/","title":{"rendered":"Ricardo Cavalcante \u00e9 empossado como presidente da Associa\u00e7\u00e3o Nordeste Forte"},"content":{"rendered":"\n<p>O presidente da Federa\u00e7\u00e3o das Ind\u00fastrias do Estado do Cear\u00e1 (Fiec), Ricardo Cavalcante, foi empossado, nesta segunda-feira, dia 22 de fevereiro, como presidente da Associa\u00e7\u00e3o Nordeste Forte, vinculada \u00e0 Confedera\u00e7\u00e3o Nacional da Ind\u00fastria (CNI). A cerim\u00f4nia ocorreu em Bras\u00edlia, na sede da CNI.<\/p>\n\n\n\n<p>Al\u00e9m de Ricardo Cavalcante, comp\u00f5em a nova diretoria da Associa\u00e7\u00e3o Nordeste Forte o presidente da Federa\u00e7\u00e3o das Ind\u00fastrias do Estado do Alagoas (Fiea), Jos\u00e9 Carlos Lyra de Andrade, como vice-presidente secret\u00e1rio, e Eduardo Prado de Oliveira (Fies), como vice-presidente tesoureiro.<\/p>\n\n\n\n<figure class=\"wp-block-image size-large\"><img loading=\"lazy\" decoding=\"async\" width=\"1024\" height=\"576\" src=\"https:\/\/blogdorogeriogomes.com.br\/wp-content\/uploads\/2021\/02\/Ricardo-Cavalcante-toma-posse-como-presidente-da-Associac-o-Nordeste-Forte-da-CNI-em-Brasilia-1024x576.jpg\" alt=\"\" class=\"wp-image-20236\" srcset=\"https:\/\/blogdorogeriogomes.com.br\/noticias\/wp-content\/uploads\/2021\/02\/Ricardo-Cavalcante-toma-posse-como-presidente-da-Associac-o-Nordeste-Forte-da-CNI-em-Brasilia-1024x576.jpg 1024w, https:\/\/blogdorogeriogomes.com.br\/noticias\/wp-content\/uploads\/2021\/02\/Ricardo-Cavalcante-toma-posse-como-presidente-da-Associac-o-Nordeste-Forte-da-CNI-em-Brasilia-300x169.jpg 300w, https:\/\/blogdorogeriogomes.com.br\/noticias\/wp-content\/uploads\/2021\/02\/Ricardo-Cavalcante-toma-posse-como-presidente-da-Associac-o-Nordeste-Forte-da-CNI-em-Brasilia-768x432.jpg 768w, https:\/\/blogdorogeriogomes.com.br\/noticias\/wp-content\/uploads\/2021\/02\/Ricardo-Cavalcante-toma-posse-como-presidente-da-Associac-o-Nordeste-Forte-da-CNI-em-Brasilia-800x450.jpg 800w, https:\/\/blogdorogeriogomes.com.br\/noticias\/wp-content\/uploads\/2021\/02\/Ricardo-Cavalcante-toma-posse-como-presidente-da-Associac-o-Nordeste-Forte-da-CNI-em-Brasilia.jpg 1279w\" sizes=\"auto, (max-width: 1024px) 100vw, 1024px\" \/><\/figure>\n","protected":false},"excerpt":{"rendered":"<p>O presidente da Federa\u00e7\u00e3o das Ind\u00fastrias do Estado do Cear\u00e1 (Fiec), Ricardo Cavalcante, foi empossado, nesta segunda-feira, dia 22 de fevereiro, como presidente da Associa\u00e7\u00e3o Nordeste Forte, vinculada \u00e0 Confedera\u00e7\u00e3o Nacional da Ind\u00fastria (CNI). A cerim\u00f4nia ocorreu em Bras\u00edlia, na sede da CNI. Al\u00e9m de Ricardo Cavalcante, comp\u00f5em a nova diretoria da Associa\u00e7\u00e3o Nordeste Forte o presidente da Federa\u00e7\u00e3o das Ind\u00fastrias do Estado do Alagoas (Fiea), Jos\u00e9 Carlos Lyra de Andrade, como vice-presidente secret\u00e1rio, e Eduardo Prado de Oliveira&hellip;<\/p>\n","protected":false},"author":1,"featured_media":20236,"comment_status":"open","ping_status":"open","sticky":false,"template":"","format":"standard","meta":{"footnotes":""},"categories":[1],"tags":[],"class_list":["post-20235","post","type-post","status-publish","format-standard","has-post-thumbnail","hentry","category-noticias"],"_links":{"self":[{"href":"https:\/\/blogdorogeriogomes.com.br\/noticias\/wp-json\/wp\/v2\/posts\/20235","targetHints":{"allow":["GET"]}}],"collection":[{"href":"https:\/\/blogdorogeriogomes.com.br\/noticias\/wp-json\/wp\/v2\/posts"}],"about":[{"href":"https:\/\/blogdorogeriogomes.com.br\/noticias\/wp-json\/wp\/v2\/types\/post"}],"author":[{"embeddable":true,"href":"https:\/\/blogdorogeriogomes.com.br\/noticias\/wp-json\/wp\/v2\/users\/1"}],"replies":[{"embeddable":true,"href":"https:\/\/blogdorogeriogomes.com.br\/noticias\/wp-json\/wp\/v2\/comments?post=20235"}],"version-history":[{"count":1,"href":"https:\/\/blogdorogeriogomes.com.br\/noticias\/wp-json\/wp\/v2\/posts\/20235\/revisions"}],"predecessor-version":[{"id":20237,"href":"https:\/\/blogdorogeriogomes.com.br\/noticias\/wp-json\/wp\/v2\/posts\/20235\/revisions\/20237"}],"wp:featuredmedia":[{"embeddable":true,"href":"https:\/\/blogdorogeriogomes.com.br\/noticias\/wp-json\/wp\/v2\/media\/20236"}],"wp:attachment":[{"href":"https:\/\/blogdorogeriogomes.com.br\/noticias\/wp-json\/wp\/v2\/media?parent=20235"}],"wp:term":[{"taxonomy":"category","embeddable":true,"href":"https:\/\/blogdorogeriogomes.com.br\/noticias\/wp-json\/wp\/v2\/categories?post=20235"},{"taxonomy":"post_tag","embeddable":true,"href":"https:\/\/blogdorogeriogomes.com.br\/noticias\/wp-json\/wp\/v2\/tags?post=20235"}],"curies":[{"name":"wp","href":"https:\/\/api.w.org\/{rel}","templated":true}]}}