{"id":20238,"date":"2021-02-23T19:26:25","date_gmt":"2021-02-23T19:26:25","guid":{"rendered":"https:\/\/blogdorogeriogomes.com.br\/?p=20238"},"modified":"2021-02-24T20:07:12","modified_gmt":"2021-02-24T20:07:12","slug":"brasil-nao-pode-abrir-mao-do-investimento-minimo-em-educacao-e-saude-defende-cid-gomes","status":"publish","type":"post","link":"https:\/\/blogdorogeriogomes.com.br\/noticias\/2021\/02\/brasil-nao-pode-abrir-mao-do-investimento-minimo-em-educacao-e-saude-defende-cid-gomes\/","title":{"rendered":"Brasil n\u00e3o pode abrir m\u00e3o do investimento m\u00ednimo em educa\u00e7\u00e3o e sa\u00fade, defende Cid Gomes"},"content":{"rendered":"\n<p>O Brasil n\u00e3o pode abrir m\u00e3o dos investimentos m\u00ednimos obrigat\u00f3rios em sa\u00fade e educa\u00e7\u00e3o. A avalia\u00e7\u00e3o foi feita pelo senador Cid Gomes (PDT-CE) ao comentar a Proposta de Emenda Constitucional (PEC) n\u00ba 186\/2019, que prev\u00ea entre outras coisas o fim dos gastos constitucionais m\u00ednimos em educa\u00e7\u00e3o e sa\u00fade pela Uni\u00e3o, estados e munic\u00edpios. \u201cN\u00e3o vamos permitir uma coisa dessas\u201d, disse. A PEC est\u00e1 pautada para a sess\u00e3o desta quinta-feira, dia 25 de fevereiro.<\/p>\n\n\n\n<p>De acordo com a Constitui\u00e7\u00e3o Federal, estados e munic\u00edpios s\u00e3o obrigados a investir ao menos 25% de sua receita vinda de impostos e transfer\u00eancias na manuten\u00e7\u00e3o e no desenvolvimento da educa\u00e7\u00e3o. Na sa\u00fade, o percentual m\u00ednimo \u00e9 de 12% da receita para estados e 15% para munic\u00edpios.<br>Cid Gomes ressaltou que \u00e9 preciso ajudar milh\u00f5es de brasileiras e brasileiros que voltaram a viver abaixo da linha da pobreza e est\u00e3o, literalmente, passando fome. Mas, segundo ele, o caminho para isso n\u00e3o \u00e9 retirando investimentos da educa\u00e7\u00e3o e da sa\u00fade.<\/p>\n\n\n\n<p>De acordo com o parlamentar, h\u00e1 sa\u00eddas alternativas para buscar recursos para pagar o novo aux\u00edlio emergencial. \u201cVamos ver quantos brasileiros est\u00e3o precisando e vamos encontrar formas alternativas. Sou solid\u00e1rio a isso e temos dezenas de caminhos. O primeiro deles \u00e9 come\u00e7ar a cobrar imposto sobre lucros e dividendos, isso j\u00e1 ajudaria muito. O segundo \u00e9 comprar menos leite consensado, assim com certeza encontraremos recursos para ajudar essas pessoas que est\u00e3o abaixo da linha da mis\u00e9ria\u201d, defendeu.<br>Cid Gomes voltou a criticar a forma como o Governo Bolsonaro vem enfrentando a pandemia, segundo ele, de modo irrespons\u00e1vel, negacionista e inoperante. \u201cO Brasil teve o ano passado algo em torno de R$ 750 bilh\u00f5es de d\u00e9ficit com as maquiagens, com as pedaladas. Sem elas, isso deve chegar perto de R$ 900 ou R$ 1 trilh\u00e3o, valor tr\u00eas vezes maior do que o maior d\u00e9ficit j\u00e1 praticado na hist\u00f3ria do Brasil. Se algu\u00e9m competente, dedicado, interessado e que acreditasse na ci\u00eancia estivesse \u00e0 frente do Governo, teria investido um cent\u00e9simo disso e n\u00e3o tenho d\u00favidas de que o Brasil teria sua pr\u00f3pria vacina\u201d, avaliou Cid.<\/p>\n\n\n\n<figure class=\"wp-block-image size-large\"><img loading=\"lazy\" decoding=\"async\" width=\"1024\" height=\"682\" src=\"https:\/\/blogdorogeriogomes.com.br\/wp-content\/uploads\/2021\/02\/IMG-20210223-WA0130-1024x682.jpg\" alt=\"\" class=\"wp-image-20239\" srcset=\"https:\/\/blogdorogeriogomes.com.br\/noticias\/wp-content\/uploads\/2021\/02\/IMG-20210223-WA0130-1024x682.jpg 1024w, https:\/\/blogdorogeriogomes.com.br\/noticias\/wp-content\/uploads\/2021\/02\/IMG-20210223-WA0130-300x200.jpg 300w, https:\/\/blogdorogeriogomes.com.br\/noticias\/wp-content\/uploads\/2021\/02\/IMG-20210223-WA0130-768x511.jpg 768w, https:\/\/blogdorogeriogomes.com.br\/noticias\/wp-content\/uploads\/2021\/02\/IMG-20210223-WA0130-800x533.jpg 800w, https:\/\/blogdorogeriogomes.com.br\/noticias\/wp-content\/uploads\/2021\/02\/IMG-20210223-WA0130.jpg 1280w\" sizes=\"auto, (max-width: 1024px) 100vw, 1024px\" \/><\/figure>\n\n\n\n<p><\/p>\n","protected":false},"excerpt":{"rendered":"<p>O Brasil n\u00e3o pode abrir m\u00e3o dos investimentos m\u00ednimos obrigat\u00f3rios em sa\u00fade e educa\u00e7\u00e3o. A avalia\u00e7\u00e3o foi feita pelo senador Cid Gomes (PDT-CE) ao comentar a Proposta de Emenda Constitucional (PEC) n\u00ba 186\/2019, que prev\u00ea entre outras coisas o fim dos gastos constitucionais m\u00ednimos em educa\u00e7\u00e3o e sa\u00fade pela Uni\u00e3o, estados e munic\u00edpios. \u201cN\u00e3o vamos permitir uma coisa dessas\u201d, disse. A PEC est\u00e1 pautada para a sess\u00e3o desta quinta-feira, dia 25 de fevereiro. De acordo com a Constitui\u00e7\u00e3o Federal,&hellip;<\/p>\n","protected":false},"author":1,"featured_media":20239,"comment_status":"open","ping_status":"open","sticky":false,"template":"","format":"standard","meta":{"footnotes":""},"categories":[1],"tags":[],"class_list":["post-20238","post","type-post","status-publish","format-standard","has-post-thumbnail","hentry","category-noticias"],"_links":{"self":[{"href":"https:\/\/blogdorogeriogomes.com.br\/noticias\/wp-json\/wp\/v2\/posts\/20238","targetHints":{"allow":["GET"]}}],"collection":[{"href":"https:\/\/blogdorogeriogomes.com.br\/noticias\/wp-json\/wp\/v2\/posts"}],"about":[{"href":"https:\/\/blogdorogeriogomes.com.br\/noticias\/wp-json\/wp\/v2\/types\/post"}],"author":[{"embeddable":true,"href":"https:\/\/blogdorogeriogomes.com.br\/noticias\/wp-json\/wp\/v2\/users\/1"}],"replies":[{"embeddable":true,"href":"https:\/\/blogdorogeriogomes.com.br\/noticias\/wp-json\/wp\/v2\/comments?post=20238"}],"version-history":[{"count":1,"href":"https:\/\/blogdorogeriogomes.com.br\/noticias\/wp-json\/wp\/v2\/posts\/20238\/revisions"}],"predecessor-version":[{"id":20240,"href":"https:\/\/blogdorogeriogomes.com.br\/noticias\/wp-json\/wp\/v2\/posts\/20238\/revisions\/20240"}],"wp:featuredmedia":[{"embeddable":true,"href":"https:\/\/blogdorogeriogomes.com.br\/noticias\/wp-json\/wp\/v2\/media\/20239"}],"wp:attachment":[{"href":"https:\/\/blogdorogeriogomes.com.br\/noticias\/wp-json\/wp\/v2\/media?parent=20238"}],"wp:term":[{"taxonomy":"category","embeddable":true,"href":"https:\/\/blogdorogeriogomes.com.br\/noticias\/wp-json\/wp\/v2\/categories?post=20238"},{"taxonomy":"post_tag","embeddable":true,"href":"https:\/\/blogdorogeriogomes.com.br\/noticias\/wp-json\/wp\/v2\/tags?post=20238"}],"curies":[{"name":"wp","href":"https:\/\/api.w.org\/{rel}","templated":true}]}}