{"id":20241,"date":"2021-02-23T22:55:21","date_gmt":"2021-02-23T22:55:21","guid":{"rendered":"https:\/\/blogdorogeriogomes.com.br\/?p=20241"},"modified":"2021-02-24T20:06:58","modified_gmt":"2021-02-24T20:06:58","slug":"stf-forma-maioria-que-autoriza-estados-e-municipios-a-comprarem-vacinas-se-ministerio-da-saude-nao-cumprir-plano","status":"publish","type":"post","link":"https:\/\/blogdorogeriogomes.com.br\/noticias\/2021\/02\/stf-forma-maioria-que-autoriza-estados-e-municipios-a-comprarem-vacinas-se-ministerio-da-saude-nao-cumprir-plano\/","title":{"rendered":"STF forma maioria que autoriza estados e munic\u00edpios a comprarem vacinas se Minist\u00e9rio da Sa\u00fade n\u00e3o cumprir plano"},"content":{"rendered":"\n<p>O Supremo Tribunal Federal (STF) formou, nesta ter\u00e7a-feira, dia 23 de fevereiro, maioria para autorizar que estados e munic\u00edpios comprem e distribuam vacinas contra a Covid-19, caso o governo Jair Bolsonaro n\u00e3o cumpra o Plano Nacional de Imuniza\u00e7\u00e3o ou se as doses previstas no documento forem insuficientes. At\u00e9 o in\u00edcio da tarde, seis dos 11 ministros j\u00e1 haviam votado para permitir a compra, incluindo o relator Ricardo Lewandowski.<\/p>\n\n\n\n<p>O plen\u00e1rio da C\u00e2mara dos Deputados tamb\u00e9m aprovou uma Medida Provis\u00f3ria que facilita a compra de vacinas e insumos contra a Covid-19. O texto prev\u00ea a dispensa de licita\u00e7\u00f5es para a aquisi\u00e7\u00e3o de produtos destinados \u00e0 vacina\u00e7\u00e3o contra a covid-19, inclusive antes do registro sanit\u00e1rio ou da autoriza\u00e7\u00e3o tempor\u00e1ria de uso emergencial pela Anvisa (Ag\u00eancia Nacional de Vigil\u00e2ncia Sanit\u00e1ria).<\/p>\n\n\n\n<figure class=\"wp-block-image size-large\"><img loading=\"lazy\" decoding=\"async\" width=\"680\" height=\"340\" src=\"https:\/\/blogdorogeriogomes.com.br\/wp-content\/uploads\/2021\/02\/jpg.jpeg\" alt=\"\" class=\"wp-image-20242\" srcset=\"https:\/\/blogdorogeriogomes.com.br\/noticias\/wp-content\/uploads\/2021\/02\/jpg.jpeg 680w, https:\/\/blogdorogeriogomes.com.br\/noticias\/wp-content\/uploads\/2021\/02\/jpg-300x150.jpeg 300w\" sizes=\"auto, (max-width: 680px) 100vw, 680px\" \/><\/figure>\n","protected":false},"excerpt":{"rendered":"<p>O Supremo Tribunal Federal (STF) formou, nesta ter\u00e7a-feira, dia 23 de fevereiro, maioria para autorizar que estados e munic\u00edpios comprem e distribuam vacinas contra a Covid-19, caso o governo Jair Bolsonaro n\u00e3o cumpra o Plano Nacional de Imuniza\u00e7\u00e3o ou se as doses previstas no documento forem insuficientes. At\u00e9 o in\u00edcio da tarde, seis dos 11 ministros j\u00e1 haviam votado para permitir a compra, incluindo o relator Ricardo Lewandowski. O plen\u00e1rio da C\u00e2mara dos Deputados tamb\u00e9m aprovou uma Medida Provis\u00f3ria&hellip;<\/p>\n","protected":false},"author":1,"featured_media":20242,"comment_status":"open","ping_status":"open","sticky":false,"template":"","format":"standard","meta":{"footnotes":""},"categories":[1],"tags":[],"class_list":["post-20241","post","type-post","status-publish","format-standard","has-post-thumbnail","hentry","category-noticias"],"_links":{"self":[{"href":"https:\/\/blogdorogeriogomes.com.br\/noticias\/wp-json\/wp\/v2\/posts\/20241","targetHints":{"allow":["GET"]}}],"collection":[{"href":"https:\/\/blogdorogeriogomes.com.br\/noticias\/wp-json\/wp\/v2\/posts"}],"about":[{"href":"https:\/\/blogdorogeriogomes.com.br\/noticias\/wp-json\/wp\/v2\/types\/post"}],"author":[{"embeddable":true,"href":"https:\/\/blogdorogeriogomes.com.br\/noticias\/wp-json\/wp\/v2\/users\/1"}],"replies":[{"embeddable":true,"href":"https:\/\/blogdorogeriogomes.com.br\/noticias\/wp-json\/wp\/v2\/comments?post=20241"}],"version-history":[{"count":1,"href":"https:\/\/blogdorogeriogomes.com.br\/noticias\/wp-json\/wp\/v2\/posts\/20241\/revisions"}],"predecessor-version":[{"id":20243,"href":"https:\/\/blogdorogeriogomes.com.br\/noticias\/wp-json\/wp\/v2\/posts\/20241\/revisions\/20243"}],"wp:featuredmedia":[{"embeddable":true,"href":"https:\/\/blogdorogeriogomes.com.br\/noticias\/wp-json\/wp\/v2\/media\/20242"}],"wp:attachment":[{"href":"https:\/\/blogdorogeriogomes.com.br\/noticias\/wp-json\/wp\/v2\/media?parent=20241"}],"wp:term":[{"taxonomy":"category","embeddable":true,"href":"https:\/\/blogdorogeriogomes.com.br\/noticias\/wp-json\/wp\/v2\/categories?post=20241"},{"taxonomy":"post_tag","embeddable":true,"href":"https:\/\/blogdorogeriogomes.com.br\/noticias\/wp-json\/wp\/v2\/tags?post=20241"}],"curies":[{"name":"wp","href":"https:\/\/api.w.org\/{rel}","templated":true}]}}