{"id":20244,"date":"2021-02-24T10:12:08","date_gmt":"2021-02-24T10:12:08","guid":{"rendered":"https:\/\/blogdorogeriogomes.com.br\/?p=20244"},"modified":"2021-02-24T20:06:49","modified_gmt":"2021-02-24T20:06:49","slug":"novas-cidades-do-ceara-pedem-decreto-de-calamidade-publica-na-assembleia-legislativa","status":"publish","type":"post","link":"https:\/\/blogdorogeriogomes.com.br\/noticias\/2021\/02\/novas-cidades-do-ceara-pedem-decreto-de-calamidade-publica-na-assembleia-legislativa\/","title":{"rendered":"Novas cidades do Cear\u00e1 pedem decreto de calamidade p\u00fablica na Assembleia Legislativa"},"content":{"rendered":"\n<p>Os deputados estaduais cearenses devem analisar, nesta quinta-feira, dia 24 de fevereiro, o pedido de decreta\u00e7\u00e3o de calamidade p\u00fablica em mais sete munic\u00edpios do Estado: Salitre, Araripe, Ipaumirim, Boa Viagem, Aiuaba, Mauriti e Forquilha. Com a decreta\u00e7\u00e3o de calamidade, os munic\u00edpios n\u00e3o precisam seguir prazos de presta\u00e7\u00e3o de contas e limites de gastos na Lei de Responsabilidade Fiscal.<\/p>\n\n\n\n<p>Na semana passada, os parlamentares prorrogaram o decreto de calamidade p\u00fablica de Fortaleza por mais seis meses, e de outros seis munic\u00edpios cearenses: Antonina do Norte, Cari\u00fas, Catunda, Ibiapina, Jaguaretama, Juc\u00e1s, Maracana\u00fa, Santana do Acara\u00fa e Tarrafas, at\u00e9 30 de junho de 2021.<\/p>\n\n\n\n<figure class=\"wp-block-image size-large\"><img loading=\"lazy\" decoding=\"async\" width=\"1024\" height=\"577\" src=\"https:\/\/blogdorogeriogomes.com.br\/wp-content\/uploads\/2021\/02\/Assembleia-1024x577.jpg\" alt=\"\" class=\"wp-image-20245\" srcset=\"https:\/\/blogdorogeriogomes.com.br\/noticias\/wp-content\/uploads\/2021\/02\/Assembleia-1024x577.jpg 1024w, https:\/\/blogdorogeriogomes.com.br\/noticias\/wp-content\/uploads\/2021\/02\/Assembleia-300x169.jpg 300w, https:\/\/blogdorogeriogomes.com.br\/noticias\/wp-content\/uploads\/2021\/02\/Assembleia-768x433.jpg 768w, https:\/\/blogdorogeriogomes.com.br\/noticias\/wp-content\/uploads\/2021\/02\/Assembleia-800x451.jpg 800w, https:\/\/blogdorogeriogomes.com.br\/noticias\/wp-content\/uploads\/2021\/02\/Assembleia.jpg 1278w\" sizes=\"auto, (max-width: 1024px) 100vw, 1024px\" \/><\/figure>\n","protected":false},"excerpt":{"rendered":"<p>Os deputados estaduais cearenses devem analisar, nesta quinta-feira, dia 24 de fevereiro, o pedido de decreta\u00e7\u00e3o de calamidade p\u00fablica em mais sete munic\u00edpios do Estado: Salitre, Araripe, Ipaumirim, Boa Viagem, Aiuaba, Mauriti e Forquilha. Com a decreta\u00e7\u00e3o de calamidade, os munic\u00edpios n\u00e3o precisam seguir prazos de presta\u00e7\u00e3o de contas e limites de gastos na Lei de Responsabilidade Fiscal. Na semana passada, os parlamentares prorrogaram o decreto de calamidade p\u00fablica de Fortaleza por mais seis meses, e de outros seis&hellip;<\/p>\n","protected":false},"author":1,"featured_media":20245,"comment_status":"open","ping_status":"open","sticky":false,"template":"","format":"standard","meta":{"footnotes":""},"categories":[1],"tags":[],"class_list":["post-20244","post","type-post","status-publish","format-standard","has-post-thumbnail","hentry","category-noticias"],"_links":{"self":[{"href":"https:\/\/blogdorogeriogomes.com.br\/noticias\/wp-json\/wp\/v2\/posts\/20244","targetHints":{"allow":["GET"]}}],"collection":[{"href":"https:\/\/blogdorogeriogomes.com.br\/noticias\/wp-json\/wp\/v2\/posts"}],"about":[{"href":"https:\/\/blogdorogeriogomes.com.br\/noticias\/wp-json\/wp\/v2\/types\/post"}],"author":[{"embeddable":true,"href":"https:\/\/blogdorogeriogomes.com.br\/noticias\/wp-json\/wp\/v2\/users\/1"}],"replies":[{"embeddable":true,"href":"https:\/\/blogdorogeriogomes.com.br\/noticias\/wp-json\/wp\/v2\/comments?post=20244"}],"version-history":[{"count":1,"href":"https:\/\/blogdorogeriogomes.com.br\/noticias\/wp-json\/wp\/v2\/posts\/20244\/revisions"}],"predecessor-version":[{"id":20246,"href":"https:\/\/blogdorogeriogomes.com.br\/noticias\/wp-json\/wp\/v2\/posts\/20244\/revisions\/20246"}],"wp:featuredmedia":[{"embeddable":true,"href":"https:\/\/blogdorogeriogomes.com.br\/noticias\/wp-json\/wp\/v2\/media\/20245"}],"wp:attachment":[{"href":"https:\/\/blogdorogeriogomes.com.br\/noticias\/wp-json\/wp\/v2\/media?parent=20244"}],"wp:term":[{"taxonomy":"category","embeddable":true,"href":"https:\/\/blogdorogeriogomes.com.br\/noticias\/wp-json\/wp\/v2\/categories?post=20244"},{"taxonomy":"post_tag","embeddable":true,"href":"https:\/\/blogdorogeriogomes.com.br\/noticias\/wp-json\/wp\/v2\/tags?post=20244"}],"curies":[{"name":"wp","href":"https:\/\/api.w.org\/{rel}","templated":true}]}}