{"id":20250,"date":"2021-02-24T12:27:09","date_gmt":"2021-02-24T12:27:09","guid":{"rendered":"https:\/\/blogdorogeriogomes.com.br\/?p=20250"},"modified":"2021-02-24T20:06:22","modified_gmt":"2021-02-24T20:06:22","slug":"vereadores-de-fortaleza-discutem-incluir-profissionais-da-educacao-no-grupo-prioritario-para-receber-vacinas-da-covid-19","status":"publish","type":"post","link":"https:\/\/blogdorogeriogomes.com.br\/noticias\/2021\/02\/vereadores-de-fortaleza-discutem-incluir-profissionais-da-educacao-no-grupo-prioritario-para-receber-vacinas-da-covid-19\/","title":{"rendered":"Vereadores de Fortaleza discutem incluir profissionais da educa\u00e7\u00e3o no grupo priorit\u00e1rio para receber vacinas da Covid-19"},"content":{"rendered":"\n<p>A Comiss\u00e3o de Constitui\u00e7\u00e3o e Justi\u00e7a da C\u00e2mara Municipal de Fortaleza aprovou um projeto de autoria do vereador L\u00facio Bruno (PDT) que inclui trabalhadores da educa\u00e7\u00e3o e alunos da rede p\u00fablica municipal na primeira fase do grupo priorit\u00e1rio para a vacina\u00e7\u00e3o contra a Covid-19 em Fortaleza. A pauta segue agora para as comiss\u00f5es de Sa\u00fade e Educa\u00e7\u00e3o.<\/p>\n\n\n\n<p>S\u00e3o mais de 256 mil pessoas que fazem parte da Rede Municipal de Educa\u00e7\u00e3o, sendo 236 mil alunos e 20 mil colaboradores. O projeto inclui os trabalhadores da educa\u00e7\u00e3o profissionais de todas as categorias que estejam atuando nas unidades p\u00fablicas escolares, tais como professor, monitor de acesso, porteiro, manipulador de alimentos, motorista de transporte escolar e demais profissionais que atuam na rede p\u00fablica municipal de educa\u00e7\u00e3o de Fortaleza.<\/p>\n\n\n\n<figure class=\"wp-block-image size-large\"><img loading=\"lazy\" decoding=\"async\" width=\"1024\" height=\"766\" src=\"https:\/\/blogdorogeriogomes.com.br\/wp-content\/uploads\/2021\/02\/IMG-20210224-WA0036-1024x766.jpg\" alt=\"\" class=\"wp-image-20251\" srcset=\"https:\/\/blogdorogeriogomes.com.br\/noticias\/wp-content\/uploads\/2021\/02\/IMG-20210224-WA0036-1024x766.jpg 1024w, https:\/\/blogdorogeriogomes.com.br\/noticias\/wp-content\/uploads\/2021\/02\/IMG-20210224-WA0036-300x225.jpg 300w, https:\/\/blogdorogeriogomes.com.br\/noticias\/wp-content\/uploads\/2021\/02\/IMG-20210224-WA0036-768x575.jpg 768w, https:\/\/blogdorogeriogomes.com.br\/noticias\/wp-content\/uploads\/2021\/02\/IMG-20210224-WA0036-800x599.jpg 800w, https:\/\/blogdorogeriogomes.com.br\/noticias\/wp-content\/uploads\/2021\/02\/IMG-20210224-WA0036-400x300.jpg 400w, https:\/\/blogdorogeriogomes.com.br\/noticias\/wp-content\/uploads\/2021\/02\/IMG-20210224-WA0036.jpg 1280w\" sizes=\"auto, (max-width: 1024px) 100vw, 1024px\" \/><\/figure>\n","protected":false},"excerpt":{"rendered":"<p>A Comiss\u00e3o de Constitui\u00e7\u00e3o e Justi\u00e7a da C\u00e2mara Municipal de Fortaleza aprovou um projeto de autoria do vereador L\u00facio Bruno (PDT) que inclui trabalhadores da educa\u00e7\u00e3o e alunos da rede p\u00fablica municipal na primeira fase do grupo priorit\u00e1rio para a vacina\u00e7\u00e3o contra a Covid-19 em Fortaleza. A pauta segue agora para as comiss\u00f5es de Sa\u00fade e Educa\u00e7\u00e3o. S\u00e3o mais de 256 mil pessoas que fazem parte da Rede Municipal de Educa\u00e7\u00e3o, sendo 236 mil alunos e 20 mil colaboradores.&hellip;<\/p>\n","protected":false},"author":1,"featured_media":20251,"comment_status":"open","ping_status":"open","sticky":false,"template":"","format":"standard","meta":{"footnotes":""},"categories":[1],"tags":[],"class_list":["post-20250","post","type-post","status-publish","format-standard","has-post-thumbnail","hentry","category-noticias"],"_links":{"self":[{"href":"https:\/\/blogdorogeriogomes.com.br\/noticias\/wp-json\/wp\/v2\/posts\/20250","targetHints":{"allow":["GET"]}}],"collection":[{"href":"https:\/\/blogdorogeriogomes.com.br\/noticias\/wp-json\/wp\/v2\/posts"}],"about":[{"href":"https:\/\/blogdorogeriogomes.com.br\/noticias\/wp-json\/wp\/v2\/types\/post"}],"author":[{"embeddable":true,"href":"https:\/\/blogdorogeriogomes.com.br\/noticias\/wp-json\/wp\/v2\/users\/1"}],"replies":[{"embeddable":true,"href":"https:\/\/blogdorogeriogomes.com.br\/noticias\/wp-json\/wp\/v2\/comments?post=20250"}],"version-history":[{"count":1,"href":"https:\/\/blogdorogeriogomes.com.br\/noticias\/wp-json\/wp\/v2\/posts\/20250\/revisions"}],"predecessor-version":[{"id":20252,"href":"https:\/\/blogdorogeriogomes.com.br\/noticias\/wp-json\/wp\/v2\/posts\/20250\/revisions\/20252"}],"wp:featuredmedia":[{"embeddable":true,"href":"https:\/\/blogdorogeriogomes.com.br\/noticias\/wp-json\/wp\/v2\/media\/20251"}],"wp:attachment":[{"href":"https:\/\/blogdorogeriogomes.com.br\/noticias\/wp-json\/wp\/v2\/media?parent=20250"}],"wp:term":[{"taxonomy":"category","embeddable":true,"href":"https:\/\/blogdorogeriogomes.com.br\/noticias\/wp-json\/wp\/v2\/categories?post=20250"},{"taxonomy":"post_tag","embeddable":true,"href":"https:\/\/blogdorogeriogomes.com.br\/noticias\/wp-json\/wp\/v2\/tags?post=20250"}],"curies":[{"name":"wp","href":"https:\/\/api.w.org\/{rel}","templated":true}]}}