{"id":20260,"date":"2021-02-25T10:50:42","date_gmt":"2021-02-25T10:50:42","guid":{"rendered":"https:\/\/blogdorogeriogomes.com.br\/?p=20260"},"modified":"2021-02-25T16:30:26","modified_gmt":"2021-02-25T16:30:26","slug":"camara-municipal-de-fortaleza-aprova-projeto-que-torna-atividades-fisicas-como-servico-essencial-decisao-depende-da-sancao-do-prefeito-jose-sarto","status":"publish","type":"post","link":"https:\/\/blogdorogeriogomes.com.br\/noticias\/2021\/02\/camara-municipal-de-fortaleza-aprova-projeto-que-torna-atividades-fisicas-como-servico-essencial-decisao-depende-da-sancao-do-prefeito-jose-sarto\/","title":{"rendered":"C\u00e2mara Municipal de Fortaleza aprova projeto que torna atividades f\u00edsicas como servi\u00e7o essencial. Decis\u00e3o depende da san\u00e7\u00e3o do prefeito Jos\u00e9 Sarto"},"content":{"rendered":"\n<p>A C\u00e2mara Municipal de Fortaleza aprovou, em reda\u00e7\u00e3o final, um projeto de lei de autoria do vereador Danilo Lopes (Podemos) que declara as atividades f\u00edsicas praticadas em academias da Capital como servi\u00e7o essencial. O projeto, no entanto, depende da san\u00e7\u00e3o do prefeito Jos\u00e9 Sarto, que poder\u00e1 vetar a proposta.<\/p>\n\n\n\n<p>Segundo o projeto do vereador do Podemos, \u201ccaber\u00e1 ao Executivo estabelecer normas sanit\u00e1rias e protocolos a serem seguidos, desde que n\u00e3o impe\u00e7am ou dificultem a pr\u00e1tica\u201d.&nbsp;<\/p>\n\n\n\n<figure class=\"wp-block-image size-large\"><img loading=\"lazy\" decoding=\"async\" width=\"680\" height=\"453\" src=\"https:\/\/blogdorogeriogomes.com.br\/wp-content\/uploads\/2021\/02\/gettyimages-838386570.jpg\" alt=\"\" class=\"wp-image-20261\" srcset=\"https:\/\/blogdorogeriogomes.com.br\/noticias\/wp-content\/uploads\/2021\/02\/gettyimages-838386570.jpg 680w, https:\/\/blogdorogeriogomes.com.br\/noticias\/wp-content\/uploads\/2021\/02\/gettyimages-838386570-300x200.jpg 300w\" sizes=\"auto, (max-width: 680px) 100vw, 680px\" \/><\/figure>\n","protected":false},"excerpt":{"rendered":"<p>A C\u00e2mara Municipal de Fortaleza aprovou, em reda\u00e7\u00e3o final, um projeto de lei de autoria do vereador Danilo Lopes (Podemos) que declara as atividades f\u00edsicas praticadas em academias da Capital como servi\u00e7o essencial. O projeto, no entanto, depende da san\u00e7\u00e3o do prefeito Jos\u00e9 Sarto, que poder\u00e1 vetar a proposta. Segundo o projeto do vereador do Podemos, \u201ccaber\u00e1 ao Executivo estabelecer normas sanit\u00e1rias e protocolos a serem seguidos, desde que n\u00e3o impe\u00e7am ou dificultem a pr\u00e1tica\u201d.&nbsp;<\/p>\n","protected":false},"author":1,"featured_media":20261,"comment_status":"open","ping_status":"open","sticky":false,"template":"","format":"standard","meta":{"footnotes":""},"categories":[1],"tags":[],"class_list":["post-20260","post","type-post","status-publish","format-standard","has-post-thumbnail","hentry","category-noticias"],"_links":{"self":[{"href":"https:\/\/blogdorogeriogomes.com.br\/noticias\/wp-json\/wp\/v2\/posts\/20260","targetHints":{"allow":["GET"]}}],"collection":[{"href":"https:\/\/blogdorogeriogomes.com.br\/noticias\/wp-json\/wp\/v2\/posts"}],"about":[{"href":"https:\/\/blogdorogeriogomes.com.br\/noticias\/wp-json\/wp\/v2\/types\/post"}],"author":[{"embeddable":true,"href":"https:\/\/blogdorogeriogomes.com.br\/noticias\/wp-json\/wp\/v2\/users\/1"}],"replies":[{"embeddable":true,"href":"https:\/\/blogdorogeriogomes.com.br\/noticias\/wp-json\/wp\/v2\/comments?post=20260"}],"version-history":[{"count":2,"href":"https:\/\/blogdorogeriogomes.com.br\/noticias\/wp-json\/wp\/v2\/posts\/20260\/revisions"}],"predecessor-version":[{"id":20266,"href":"https:\/\/blogdorogeriogomes.com.br\/noticias\/wp-json\/wp\/v2\/posts\/20260\/revisions\/20266"}],"wp:featuredmedia":[{"embeddable":true,"href":"https:\/\/blogdorogeriogomes.com.br\/noticias\/wp-json\/wp\/v2\/media\/20261"}],"wp:attachment":[{"href":"https:\/\/blogdorogeriogomes.com.br\/noticias\/wp-json\/wp\/v2\/media?parent=20260"}],"wp:term":[{"taxonomy":"category","embeddable":true,"href":"https:\/\/blogdorogeriogomes.com.br\/noticias\/wp-json\/wp\/v2\/categories?post=20260"},{"taxonomy":"post_tag","embeddable":true,"href":"https:\/\/blogdorogeriogomes.com.br\/noticias\/wp-json\/wp\/v2\/tags?post=20260"}],"curies":[{"name":"wp","href":"https:\/\/api.w.org\/{rel}","templated":true}]}}