{"id":20268,"date":"2021-02-25T16:55:48","date_gmt":"2021-02-25T16:55:48","guid":{"rendered":"https:\/\/blogdorogeriogomes.com.br\/?p=20268"},"modified":"2021-02-25T16:56:57","modified_gmt":"2021-02-25T16:56:57","slug":"bolsonaro-realiza-visita-a-obras-em-fortaleza-e-tiangua-nesta-sexta-feira-em-meio-a-pandemia-camilo-santana-nao-participara-dos-eventos","status":"publish","type":"post","link":"https:\/\/blogdorogeriogomes.com.br\/noticias\/2021\/02\/bolsonaro-realiza-visita-a-obras-em-fortaleza-e-tiangua-nesta-sexta-feira-em-meio-a-pandemia-camilo-santana-nao-participara-dos-eventos\/","title":{"rendered":"Bolsonaro realiza visita a obras em Fortaleza e Tiangu\u00e1 nesta sexta-feira em meio a pandemia. Camilo Santana n\u00e3o participar\u00e1 dos eventos"},"content":{"rendered":"\n<p>O presidente Jair Bolsonaro participa, ao longo desta sexta-feira, dia 26 de fevereiro, de solenidades de retomada das obras em estradas federais em munic\u00edpios cearenses. A visita acontece num momento de gravidade da pandemia da Covid-19 em todo o Estado. Bolsonaro tem provocado aglomera\u00e7\u00f5es nas visitas ao Nordeste, com autoridades e aliados sem fazer uso da m\u00e1scara. O chefe executivo estar\u00e1 em Fortaleza e Tiangu\u00e1 para visitas \u00e0 duplica\u00e7\u00e3o da BR-222  e ao Anel Vi\u00e1rio.<\/p>\n\n\n\n<p>O evento ocorre durante per\u00edodo de cumprimento do decreto de isolamento social mais r\u00edgido no Estado, com hor\u00e1rios restritos e diminui\u00e7\u00e3o de viagens intermunicipais em solo cearense. Aliados do governador Camilo Santana (PT) consideraram a agenda inoportuna, diante do aumento de casos da Covid-19 nas localidades. Camilo, inclusive, n\u00e3o deve receber o presidente no Estado e nem participar dos eventos federais.<\/p>\n\n\n\n<p>Bolsonaro ir\u00e1 com sua comitiva para a assinatura das ordens de servi\u00e7o para o seguimento das obras na Travessia Urbana de Tiangu\u00e1, na BR-222, assim como novos tra\u00e7ados da rodovia em Umirim e no distrito de Frios e a conclus\u00e3o do viaduto de acesso ao munic\u00edpio de Horizonte, na BR-116.<\/p>\n\n\n\n<p>O ministro da Infraestrutura, Tarc\u00edsio Gomes de Freitas, vai acompanhar o presidente no an\u00fancio dos novos investimentos para as estradas federais no Cear\u00e1.<\/p>\n\n\n\n<figure class=\"wp-block-image size-large\"><img loading=\"lazy\" decoding=\"async\" width=\"700\" height=\"438\" src=\"https:\/\/blogdorogeriogomes.com.br\/wp-content\/uploads\/2021\/02\/images-32.jpeg\" alt=\"\" class=\"wp-image-20269\" srcset=\"https:\/\/blogdorogeriogomes.com.br\/noticias\/wp-content\/uploads\/2021\/02\/images-32.jpeg 700w, https:\/\/blogdorogeriogomes.com.br\/noticias\/wp-content\/uploads\/2021\/02\/images-32-300x188.jpeg 300w\" sizes=\"auto, (max-width: 700px) 100vw, 700px\" \/><\/figure>\n\n\n\n<p><\/p>\n","protected":false},"excerpt":{"rendered":"<p>O presidente Jair Bolsonaro participa, ao longo desta sexta-feira, dia 26 de fevereiro, de solenidades de retomada das obras em estradas federais em munic\u00edpios cearenses. A visita acontece num momento de gravidade da pandemia da Covid-19 em todo o Estado. Bolsonaro tem provocado aglomera\u00e7\u00f5es nas visitas ao Nordeste, com autoridades e aliados sem fazer uso da m\u00e1scara. O chefe executivo estar\u00e1 em Fortaleza e Tiangu\u00e1 para visitas \u00e0 duplica\u00e7\u00e3o da BR-222 e ao Anel Vi\u00e1rio. O evento ocorre durante&hellip;<\/p>\n","protected":false},"author":1,"featured_media":20269,"comment_status":"open","ping_status":"open","sticky":false,"template":"","format":"standard","meta":{"footnotes":""},"categories":[1],"tags":[],"class_list":["post-20268","post","type-post","status-publish","format-standard","has-post-thumbnail","hentry","category-noticias"],"_links":{"self":[{"href":"https:\/\/blogdorogeriogomes.com.br\/noticias\/wp-json\/wp\/v2\/posts\/20268","targetHints":{"allow":["GET"]}}],"collection":[{"href":"https:\/\/blogdorogeriogomes.com.br\/noticias\/wp-json\/wp\/v2\/posts"}],"about":[{"href":"https:\/\/blogdorogeriogomes.com.br\/noticias\/wp-json\/wp\/v2\/types\/post"}],"author":[{"embeddable":true,"href":"https:\/\/blogdorogeriogomes.com.br\/noticias\/wp-json\/wp\/v2\/users\/1"}],"replies":[{"embeddable":true,"href":"https:\/\/blogdorogeriogomes.com.br\/noticias\/wp-json\/wp\/v2\/comments?post=20268"}],"version-history":[{"count":1,"href":"https:\/\/blogdorogeriogomes.com.br\/noticias\/wp-json\/wp\/v2\/posts\/20268\/revisions"}],"predecessor-version":[{"id":20270,"href":"https:\/\/blogdorogeriogomes.com.br\/noticias\/wp-json\/wp\/v2\/posts\/20268\/revisions\/20270"}],"wp:featuredmedia":[{"embeddable":true,"href":"https:\/\/blogdorogeriogomes.com.br\/noticias\/wp-json\/wp\/v2\/media\/20269"}],"wp:attachment":[{"href":"https:\/\/blogdorogeriogomes.com.br\/noticias\/wp-json\/wp\/v2\/media?parent=20268"}],"wp:term":[{"taxonomy":"category","embeddable":true,"href":"https:\/\/blogdorogeriogomes.com.br\/noticias\/wp-json\/wp\/v2\/categories?post=20268"},{"taxonomy":"post_tag","embeddable":true,"href":"https:\/\/blogdorogeriogomes.com.br\/noticias\/wp-json\/wp\/v2\/tags?post=20268"}],"curies":[{"name":"wp","href":"https:\/\/api.w.org\/{rel}","templated":true}]}}