{"id":20276,"date":"2021-02-26T11:43:46","date_gmt":"2021-02-26T11:43:46","guid":{"rendered":"https:\/\/blogdorogeriogomes.com.br\/?p=20276"},"modified":"2021-03-01T14:19:08","modified_gmt":"2021-03-01T14:19:08","slug":"deputados-federais-devem-votar-pec-da-impunidade-em-1-turno-nesta-sexta-feira","status":"publish","type":"post","link":"https:\/\/blogdorogeriogomes.com.br\/noticias\/2021\/02\/deputados-federais-devem-votar-pec-da-impunidade-em-1-turno-nesta-sexta-feira\/","title":{"rendered":"Deputados federais devem votar PEC da Impunidade em 1\u00b0 turno nesta sexta-feira"},"content":{"rendered":"\n<p>O presidente da C\u00e2mara dos Deputados, Arthur Lira, bem que tentou votar \u00e0s pressas a PEC da Impunidade Parlamentar, nesta quinta-feira, dia 25 de fevereiro, mas n\u00e3o conseguiu convencer os opositores da proposta. A an\u00e1lise dos deputados federais ser\u00e1 retomada nesta sexta-feira, dia 26. O texto amplia a blindagem de deputados e senadores e reduz as possibilidade de pris\u00e3o em flagrante dos parlamentares.<\/p>\n\n\n\n<p>A PEC foi agilizada pela C\u00e2mara como resposta \u00e0 pris\u00e3o em flagrante do deputado Daniel Silveira (PSL-RJ), determinada pelo ministro Alexandre de Moraes e ratificada pelos plen\u00e1rios do Supremo e da pr\u00f3pria C\u00e2mara na semana passada.<\/p>\n\n\n\n<p>Uma PEC precisa de 308 votos para ser aprovada na C\u00e2mara, em vota\u00e7\u00e3o em dois turnos, antes de seguir para o Senado.<\/p>\n\n\n\n<figure class=\"wp-block-image size-large\"><img loading=\"lazy\" decoding=\"async\" width=\"725\" height=\"491\" src=\"https:\/\/blogdorogeriogomes.com.br\/wp-content\/uploads\/2021\/02\/arthurlira-334.jpg\" alt=\"\" class=\"wp-image-20277\" srcset=\"https:\/\/blogdorogeriogomes.com.br\/noticias\/wp-content\/uploads\/2021\/02\/arthurlira-334.jpg 725w, https:\/\/blogdorogeriogomes.com.br\/noticias\/wp-content\/uploads\/2021\/02\/arthurlira-334-300x203.jpg 300w\" sizes=\"auto, (max-width: 725px) 100vw, 725px\" \/><\/figure>\n","protected":false},"excerpt":{"rendered":"<p>O presidente da C\u00e2mara dos Deputados, Arthur Lira, bem que tentou votar \u00e0s pressas a PEC da Impunidade Parlamentar, nesta quinta-feira, dia 25 de fevereiro, mas n\u00e3o conseguiu convencer os opositores da proposta. A an\u00e1lise dos deputados federais ser\u00e1 retomada nesta sexta-feira, dia 26. O texto amplia a blindagem de deputados e senadores e reduz as possibilidade de pris\u00e3o em flagrante dos parlamentares. A PEC foi agilizada pela C\u00e2mara como resposta \u00e0 pris\u00e3o em flagrante do deputado Daniel Silveira&hellip;<\/p>\n","protected":false},"author":1,"featured_media":20277,"comment_status":"open","ping_status":"open","sticky":false,"template":"","format":"standard","meta":{"footnotes":""},"categories":[1],"tags":[],"class_list":["post-20276","post","type-post","status-publish","format-standard","has-post-thumbnail","hentry","category-noticias"],"_links":{"self":[{"href":"https:\/\/blogdorogeriogomes.com.br\/noticias\/wp-json\/wp\/v2\/posts\/20276","targetHints":{"allow":["GET"]}}],"collection":[{"href":"https:\/\/blogdorogeriogomes.com.br\/noticias\/wp-json\/wp\/v2\/posts"}],"about":[{"href":"https:\/\/blogdorogeriogomes.com.br\/noticias\/wp-json\/wp\/v2\/types\/post"}],"author":[{"embeddable":true,"href":"https:\/\/blogdorogeriogomes.com.br\/noticias\/wp-json\/wp\/v2\/users\/1"}],"replies":[{"embeddable":true,"href":"https:\/\/blogdorogeriogomes.com.br\/noticias\/wp-json\/wp\/v2\/comments?post=20276"}],"version-history":[{"count":1,"href":"https:\/\/blogdorogeriogomes.com.br\/noticias\/wp-json\/wp\/v2\/posts\/20276\/revisions"}],"predecessor-version":[{"id":20278,"href":"https:\/\/blogdorogeriogomes.com.br\/noticias\/wp-json\/wp\/v2\/posts\/20276\/revisions\/20278"}],"wp:featuredmedia":[{"embeddable":true,"href":"https:\/\/blogdorogeriogomes.com.br\/noticias\/wp-json\/wp\/v2\/media\/20277"}],"wp:attachment":[{"href":"https:\/\/blogdorogeriogomes.com.br\/noticias\/wp-json\/wp\/v2\/media?parent=20276"}],"wp:term":[{"taxonomy":"category","embeddable":true,"href":"https:\/\/blogdorogeriogomes.com.br\/noticias\/wp-json\/wp\/v2\/categories?post=20276"},{"taxonomy":"post_tag","embeddable":true,"href":"https:\/\/blogdorogeriogomes.com.br\/noticias\/wp-json\/wp\/v2\/tags?post=20276"}],"curies":[{"name":"wp","href":"https:\/\/api.w.org\/{rel}","templated":true}]}}