{"id":20279,"date":"2021-02-26T14:46:19","date_gmt":"2021-02-26T14:46:19","guid":{"rendered":"https:\/\/blogdorogeriogomes.com.br\/?p=20279"},"modified":"2021-03-01T14:18:53","modified_gmt":"2021-03-01T14:18:53","slug":"capitao-wagner-andre-fernandes-e-domingos-neto-integram-comitiva-de-bolsonaro-no-ceara","status":"publish","type":"post","link":"https:\/\/blogdorogeriogomes.com.br\/noticias\/2021\/02\/capitao-wagner-andre-fernandes-e-domingos-neto-integram-comitiva-de-bolsonaro-no-ceara\/","title":{"rendered":"Capit\u00e3o Wagner, Andr\u00e9 Fernandes e Domingos Neto integram comitiva de Bolsonaro no Cear\u00e1"},"content":{"rendered":"\n<p>O presidente Jair Bolsonaro viajou ao Cear\u00e1 para o cumprimento de solenidades em Fortaleza e Tiangu\u00e1, nesta sexta-feira, dia 26 de fevereiro, acompanhado de deputados cearenses em sua comitiva. Dentre eles est\u00e3o os deputados federais Capit\u00e3o Wagner (Pros) e Domingos Neto (PSD), al\u00e9m do deputado estadual Andr\u00e9 Fernandes (Republicanos). Completam essa lista os parlamentares federais AJ Albuquerque (PP) e Dr. Jaziel (PL). No avi\u00e3o, o grupo cearense posou para foto, sem m\u00e1scaras, com o chefe executivo do pa\u00eds.<\/p>\n\n\n\n<p>O governador Camilo Santana informou, na \u00faltima quinta-feira, que n\u00e3o participar\u00e1 das agendas de Bolsonaro no Estado por considerar &#8220;um grande equ\u00edvoco&#8221; gerar aglomera\u00e7\u00f5es em meio ao aumento de casos da Covid-19. Camilo considera a atitude do presidente &#8220;algo frontalmente contr\u00e1rio \u00e0 grav\u00edssima crise sanit\u00e1ria que vivemos neste momento, com aumento preocupante de casos e \u00f3bitos&#8221;.<\/p>\n\n\n\n<p>Nesta sexta-feira, Camilo Santana inaugurou 20 novos leitos de UTI no Hospital Leonardo Da Vinci, em Fortaleza, sem a presen\u00e7a de p\u00fablico e seguindo protocolos de seguran\u00e7a sanit\u00e1ria.<\/p>\n\n\n\n<figure class=\"wp-block-image size-large\"><img loading=\"lazy\" decoding=\"async\" width=\"1024\" height=\"766\" src=\"https:\/\/blogdorogeriogomes.com.br\/wp-content\/uploads\/2021\/02\/IMG-20210226-WA0051-1024x766.jpg\" alt=\"\" class=\"wp-image-20280\" srcset=\"https:\/\/blogdorogeriogomes.com.br\/noticias\/wp-content\/uploads\/2021\/02\/IMG-20210226-WA0051-1024x766.jpg 1024w, https:\/\/blogdorogeriogomes.com.br\/noticias\/wp-content\/uploads\/2021\/02\/IMG-20210226-WA0051-300x225.jpg 300w, https:\/\/blogdorogeriogomes.com.br\/noticias\/wp-content\/uploads\/2021\/02\/IMG-20210226-WA0051-768x575.jpg 768w, https:\/\/blogdorogeriogomes.com.br\/noticias\/wp-content\/uploads\/2021\/02\/IMG-20210226-WA0051-800x599.jpg 800w, https:\/\/blogdorogeriogomes.com.br\/noticias\/wp-content\/uploads\/2021\/02\/IMG-20210226-WA0051-400x300.jpg 400w, https:\/\/blogdorogeriogomes.com.br\/noticias\/wp-content\/uploads\/2021\/02\/IMG-20210226-WA0051.jpg 1280w\" sizes=\"auto, (max-width: 1024px) 100vw, 1024px\" \/><\/figure>\n","protected":false},"excerpt":{"rendered":"<p>O presidente Jair Bolsonaro viajou ao Cear\u00e1 para o cumprimento de solenidades em Fortaleza e Tiangu\u00e1, nesta sexta-feira, dia 26 de fevereiro, acompanhado de deputados cearenses em sua comitiva. Dentre eles est\u00e3o os deputados federais Capit\u00e3o Wagner (Pros) e Domingos Neto (PSD), al\u00e9m do deputado estadual Andr\u00e9 Fernandes (Republicanos). Completam essa lista os parlamentares federais AJ Albuquerque (PP) e Dr. Jaziel (PL). No avi\u00e3o, o grupo cearense posou para foto, sem m\u00e1scaras, com o chefe executivo do pa\u00eds. O&hellip;<\/p>\n","protected":false},"author":1,"featured_media":20280,"comment_status":"open","ping_status":"open","sticky":false,"template":"","format":"standard","meta":{"footnotes":""},"categories":[1],"tags":[],"class_list":["post-20279","post","type-post","status-publish","format-standard","has-post-thumbnail","hentry","category-noticias"],"_links":{"self":[{"href":"https:\/\/blogdorogeriogomes.com.br\/noticias\/wp-json\/wp\/v2\/posts\/20279","targetHints":{"allow":["GET"]}}],"collection":[{"href":"https:\/\/blogdorogeriogomes.com.br\/noticias\/wp-json\/wp\/v2\/posts"}],"about":[{"href":"https:\/\/blogdorogeriogomes.com.br\/noticias\/wp-json\/wp\/v2\/types\/post"}],"author":[{"embeddable":true,"href":"https:\/\/blogdorogeriogomes.com.br\/noticias\/wp-json\/wp\/v2\/users\/1"}],"replies":[{"embeddable":true,"href":"https:\/\/blogdorogeriogomes.com.br\/noticias\/wp-json\/wp\/v2\/comments?post=20279"}],"version-history":[{"count":1,"href":"https:\/\/blogdorogeriogomes.com.br\/noticias\/wp-json\/wp\/v2\/posts\/20279\/revisions"}],"predecessor-version":[{"id":20281,"href":"https:\/\/blogdorogeriogomes.com.br\/noticias\/wp-json\/wp\/v2\/posts\/20279\/revisions\/20281"}],"wp:featuredmedia":[{"embeddable":true,"href":"https:\/\/blogdorogeriogomes.com.br\/noticias\/wp-json\/wp\/v2\/media\/20280"}],"wp:attachment":[{"href":"https:\/\/blogdorogeriogomes.com.br\/noticias\/wp-json\/wp\/v2\/media?parent=20279"}],"wp:term":[{"taxonomy":"category","embeddable":true,"href":"https:\/\/blogdorogeriogomes.com.br\/noticias\/wp-json\/wp\/v2\/categories?post=20279"},{"taxonomy":"post_tag","embeddable":true,"href":"https:\/\/blogdorogeriogomes.com.br\/noticias\/wp-json\/wp\/v2\/tags?post=20279"}],"curies":[{"name":"wp","href":"https:\/\/api.w.org\/{rel}","templated":true}]}}