{"id":20285,"date":"2021-02-26T20:58:24","date_gmt":"2021-02-26T20:58:24","guid":{"rendered":"https:\/\/blogdorogeriogomes.com.br\/?p=20285"},"modified":"2021-03-01T14:17:51","modified_gmt":"2021-03-01T14:17:51","slug":"governo-do-ceara-amplia-toque-de-recolher-e-reduz-funcionamento-de-atividades-nao-essenciais","status":"publish","type":"post","link":"https:\/\/blogdorogeriogomes.com.br\/noticias\/2021\/02\/governo-do-ceara-amplia-toque-de-recolher-e-reduz-funcionamento-de-atividades-nao-essenciais\/","title":{"rendered":"Governo do Cear\u00e1 amplia toque de recolher e reduz funcionamento de atividades n\u00e3o essenciais"},"content":{"rendered":"\n<p>O governador Camilo Santana (PT) anunciou nesta sexta-feira, dia 26 de fevereiro, a intensifica\u00e7\u00e3o das medidas de isolamento social em decorr\u00eancia do aumento de casos da Covid-19. Com o novo decreto, o toque de recolher foi antecipado das 22 horas para as 20 horas. O hor\u00e1rio de funcionamento das atividades n\u00e3o essenciais tamb\u00e9m foi restringido para at\u00e9 as 19 horas. A a\u00e7\u00e3o tem validade a partir deste s\u00e1bado e vai at\u00e9 o dia 7 de mar\u00e7o.<\/p>\n\n\n\n<p>Outra determina\u00e7\u00e3o do Governo do Cear\u00e1 \u00e9 que, durante o per\u00edodo delimitado, igrejas e academias operem apenas no limite de 30% da sua capacidade total. \u00c9 recomendado aos templos o est\u00edmulo a celebra\u00e7\u00f5es virtuais, enquanto \u00e0s academias que trabalhem com agendamento de hor\u00e1rios para o devido cumprimento de todos os protocolos sanit\u00e1rios.<\/p>\n\n\n\n<p>Os servidores p\u00fablicos continuam com atividades remotas, exceto apenas os que est\u00e3o em atividades essenciais. A recomenda\u00e7\u00e3o \u00e9 a mesma para o setor privado. As barreiras sanit\u00e1rias em Fortaleza continuam para o controle de viagens intermunicipais.<\/p>\n\n\n\n<p>Camilo afirmou que continua dialogando com o setor da Educa\u00e7\u00e3o para avaliar a forma mais segura do retorno presencial das atividades, continuando at\u00e9 l\u00e1 de forma remota. &#8220;Tamb\u00e9m temos conversado com o setor de bares e restaurantes para discutir algumas medidas de apoio, assim como lan\u00e7amos recentemente para o setor de eventos. J\u00e1 devemos anunciar essas medidas na pr\u00f3xima semana&#8221;, informou em suas redes sociais.<\/p>\n\n\n\n<p>O governador garantiu ainda que a administra\u00e7\u00e3o estadual est\u00e1 em busca de superar a rede de assist\u00eancia na Sa\u00fade para superar os 3 mil leitos de atendimento, com mais de mil UTIs para Covid-19.<\/p>\n\n\n\n<figure class=\"wp-block-image size-large\"><img loading=\"lazy\" decoding=\"async\" width=\"739\" height=\"415\" src=\"https:\/\/blogdorogeriogomes.com.br\/wp-content\/uploads\/2021\/02\/images-36.jpeg\" alt=\"\" class=\"wp-image-20286\" srcset=\"https:\/\/blogdorogeriogomes.com.br\/noticias\/wp-content\/uploads\/2021\/02\/images-36.jpeg 739w, https:\/\/blogdorogeriogomes.com.br\/noticias\/wp-content\/uploads\/2021\/02\/images-36-300x168.jpeg 300w\" sizes=\"auto, (max-width: 739px) 100vw, 739px\" \/><\/figure>\n","protected":false},"excerpt":{"rendered":"<p>O governador Camilo Santana (PT) anunciou nesta sexta-feira, dia 26 de fevereiro, a intensifica\u00e7\u00e3o das medidas de isolamento social em decorr\u00eancia do aumento de casos da Covid-19. Com o novo decreto, o toque de recolher foi antecipado das 22 horas para as 20 horas. O hor\u00e1rio de funcionamento das atividades n\u00e3o essenciais tamb\u00e9m foi restringido para at\u00e9 as 19 horas. A a\u00e7\u00e3o tem validade a partir deste s\u00e1bado e vai at\u00e9 o dia 7 de mar\u00e7o. Outra determina\u00e7\u00e3o do&hellip;<\/p>\n","protected":false},"author":1,"featured_media":20286,"comment_status":"open","ping_status":"open","sticky":false,"template":"","format":"standard","meta":{"footnotes":""},"categories":[1],"tags":[],"class_list":["post-20285","post","type-post","status-publish","format-standard","has-post-thumbnail","hentry","category-noticias"],"_links":{"self":[{"href":"https:\/\/blogdorogeriogomes.com.br\/noticias\/wp-json\/wp\/v2\/posts\/20285","targetHints":{"allow":["GET"]}}],"collection":[{"href":"https:\/\/blogdorogeriogomes.com.br\/noticias\/wp-json\/wp\/v2\/posts"}],"about":[{"href":"https:\/\/blogdorogeriogomes.com.br\/noticias\/wp-json\/wp\/v2\/types\/post"}],"author":[{"embeddable":true,"href":"https:\/\/blogdorogeriogomes.com.br\/noticias\/wp-json\/wp\/v2\/users\/1"}],"replies":[{"embeddable":true,"href":"https:\/\/blogdorogeriogomes.com.br\/noticias\/wp-json\/wp\/v2\/comments?post=20285"}],"version-history":[{"count":1,"href":"https:\/\/blogdorogeriogomes.com.br\/noticias\/wp-json\/wp\/v2\/posts\/20285\/revisions"}],"predecessor-version":[{"id":20287,"href":"https:\/\/blogdorogeriogomes.com.br\/noticias\/wp-json\/wp\/v2\/posts\/20285\/revisions\/20287"}],"wp:featuredmedia":[{"embeddable":true,"href":"https:\/\/blogdorogeriogomes.com.br\/noticias\/wp-json\/wp\/v2\/media\/20286"}],"wp:attachment":[{"href":"https:\/\/blogdorogeriogomes.com.br\/noticias\/wp-json\/wp\/v2\/media?parent=20285"}],"wp:term":[{"taxonomy":"category","embeddable":true,"href":"https:\/\/blogdorogeriogomes.com.br\/noticias\/wp-json\/wp\/v2\/categories?post=20285"},{"taxonomy":"post_tag","embeddable":true,"href":"https:\/\/blogdorogeriogomes.com.br\/noticias\/wp-json\/wp\/v2\/tags?post=20285"}],"curies":[{"name":"wp","href":"https:\/\/api.w.org\/{rel}","templated":true}]}}