{"id":20288,"date":"2021-02-27T15:53:07","date_gmt":"2021-02-27T15:53:07","guid":{"rendered":"https:\/\/blogdorogeriogomes.com.br\/?p=20288"},"modified":"2021-03-01T14:17:19","modified_gmt":"2021-03-01T14:17:19","slug":"hospitais-geral-de-fortaleza-e-de-crateus-recebem-novos-leitos-de-uti-neste-sabado","status":"publish","type":"post","link":"https:\/\/blogdorogeriogomes.com.br\/noticias\/2021\/02\/hospitais-geral-de-fortaleza-e-de-crateus-recebem-novos-leitos-de-uti-neste-sabado\/","title":{"rendered":"Hospitais Geral de Fortaleza e de Crate\u00fas recebem novos leitos de UTI neste s\u00e1bado"},"content":{"rendered":"\n<p>O Cear\u00e1 ganhou 32 novos leitos de UTI, neste s\u00e1bado, dia 27 de fevereiro, sendo 22 no Hospital Geral de Fortaleza e 10 no Hospital de Crate\u00fas, no interior cearense. O governador Camilo Santana fez a entrega dos novos leitos atrav\u00e9s de uma cerim\u00f4nia virtual. <\/p>\n\n\n\n<p>A meta da Secretaria de Sa\u00fade do Cear\u00e1 estima que o Estado atinja a marca de mais 800 leitos de UTI para pacientes de Covid-19 at\u00e9 a primeira semana de mar\u00e7o. A m\u00e9dia geral de ocupa\u00e7\u00e3o dos leitos de UTI em Fortaleza se encontra em 92,55%. <\/p>\n\n\n\n<p>Oitos hospitais da Capital registram uso de todos os leitos de UTI: Hospital Universit\u00e1rio Walter Cantidio, Hospital Monte Klinikum, Hospital S\u00e3o Carlos, Hospital S\u00e3o Jos\u00e9 de Doen\u00e7as Infecciosas, Santa Casa de Miseric\u00f3rdia de Fortaleza, Hospital Uniclinic, Hospital Geral de Fortaleza e Casa de Sa\u00fade e Maternidade S\u00e3o Raimundo.&nbsp;<\/p>\n\n\n\n<figure class=\"wp-block-image size-large\"><img loading=\"lazy\" decoding=\"async\" width=\"678\" height=\"452\" src=\"https:\/\/blogdorogeriogomes.com.br\/wp-content\/uploads\/2021\/02\/images-37.jpeg\" alt=\"\" class=\"wp-image-20289\" srcset=\"https:\/\/blogdorogeriogomes.com.br\/noticias\/wp-content\/uploads\/2021\/02\/images-37.jpeg 678w, https:\/\/blogdorogeriogomes.com.br\/noticias\/wp-content\/uploads\/2021\/02\/images-37-300x200.jpeg 300w\" sizes=\"auto, (max-width: 678px) 100vw, 678px\" \/><\/figure>\n","protected":false},"excerpt":{"rendered":"<p>O Cear\u00e1 ganhou 32 novos leitos de UTI, neste s\u00e1bado, dia 27 de fevereiro, sendo 22 no Hospital Geral de Fortaleza e 10 no Hospital de Crate\u00fas, no interior cearense. O governador Camilo Santana fez a entrega dos novos leitos atrav\u00e9s de uma cerim\u00f4nia virtual. A meta da Secretaria de Sa\u00fade do Cear\u00e1 estima que o Estado atinja a marca de mais 800 leitos de UTI para pacientes de Covid-19 at\u00e9 a primeira semana de mar\u00e7o. A m\u00e9dia geral&hellip;<\/p>\n","protected":false},"author":1,"featured_media":20289,"comment_status":"open","ping_status":"open","sticky":false,"template":"","format":"standard","meta":{"footnotes":""},"categories":[1],"tags":[],"class_list":["post-20288","post","type-post","status-publish","format-standard","has-post-thumbnail","hentry","category-noticias"],"_links":{"self":[{"href":"https:\/\/blogdorogeriogomes.com.br\/noticias\/wp-json\/wp\/v2\/posts\/20288","targetHints":{"allow":["GET"]}}],"collection":[{"href":"https:\/\/blogdorogeriogomes.com.br\/noticias\/wp-json\/wp\/v2\/posts"}],"about":[{"href":"https:\/\/blogdorogeriogomes.com.br\/noticias\/wp-json\/wp\/v2\/types\/post"}],"author":[{"embeddable":true,"href":"https:\/\/blogdorogeriogomes.com.br\/noticias\/wp-json\/wp\/v2\/users\/1"}],"replies":[{"embeddable":true,"href":"https:\/\/blogdorogeriogomes.com.br\/noticias\/wp-json\/wp\/v2\/comments?post=20288"}],"version-history":[{"count":2,"href":"https:\/\/blogdorogeriogomes.com.br\/noticias\/wp-json\/wp\/v2\/posts\/20288\/revisions"}],"predecessor-version":[{"id":20301,"href":"https:\/\/blogdorogeriogomes.com.br\/noticias\/wp-json\/wp\/v2\/posts\/20288\/revisions\/20301"}],"wp:featuredmedia":[{"embeddable":true,"href":"https:\/\/blogdorogeriogomes.com.br\/noticias\/wp-json\/wp\/v2\/media\/20289"}],"wp:attachment":[{"href":"https:\/\/blogdorogeriogomes.com.br\/noticias\/wp-json\/wp\/v2\/media?parent=20288"}],"wp:term":[{"taxonomy":"category","embeddable":true,"href":"https:\/\/blogdorogeriogomes.com.br\/noticias\/wp-json\/wp\/v2\/categories?post=20288"},{"taxonomy":"post_tag","embeddable":true,"href":"https:\/\/blogdorogeriogomes.com.br\/noticias\/wp-json\/wp\/v2\/tags?post=20288"}],"curies":[{"name":"wp","href":"https:\/\/api.w.org\/{rel}","templated":true}]}}