{"id":20294,"date":"2021-03-01T13:14:20","date_gmt":"2021-03-01T13:14:20","guid":{"rendered":"https:\/\/blogdorogeriogomes.com.br\/?p=20294"},"modified":"2021-03-01T14:16:26","modified_gmt":"2021-03-01T14:16:26","slug":"reforma-da-previdencia-dos-servidores-publicos-de-fortaleza-deve-voltar-a-ser-discutida-na-camara-municipal-nesta-semana","status":"publish","type":"post","link":"https:\/\/blogdorogeriogomes.com.br\/noticias\/2021\/03\/reforma-da-previdencia-dos-servidores-publicos-de-fortaleza-deve-voltar-a-ser-discutida-na-camara-municipal-nesta-semana\/","title":{"rendered":"Reforma da Previd\u00eancia dos servidores p\u00fablicos de Fortaleza deve voltar a ser discutida na C\u00e2mara Municipal nesta semana"},"content":{"rendered":"\n<p>A C\u00e2mara Municipal de Fortaleza deve voltar a se reunir nesta ter\u00e7a-feira, dia 2 de mar\u00e7o. A reforma da Previd\u00eancia dos servidores p\u00fablicos municipais \u00e9 um tema que volta \u00e0 pauta nesta semana. Representantes da Prefeitura v\u00eam desde a semana passada tentando elaborar uma nova proposta com a participa\u00e7\u00e3o das entidades do funcionalismo p\u00fablico municipal. Os servidores n\u00e3o aceitam alguns pontos que estavam na proposta anterior encaminhada pelo Executivo, que retiravam alguns direitos adquiridos.<\/p>\n\n\n\n<p>Vereadores de oposi\u00e7\u00e3o prometem fazer barulho nos debates da semana acerca da nova proposta de reforma a ser encaminhada pelo prefeito Jos\u00e9 Sarto. A bancada de situa\u00e7\u00e3o na C\u00e2mara Municipal aposta no entendimento para que a reforma seja aprovada.<\/p>\n\n\n\n<figure class=\"wp-block-image size-large\"><img loading=\"lazy\" decoding=\"async\" width=\"1024\" height=\"683\" src=\"https:\/\/blogdorogeriogomes.com.br\/wp-content\/uploads\/2021\/03\/MG_1424-1024x683.jpg\" alt=\"\" class=\"wp-image-20295\" srcset=\"https:\/\/blogdorogeriogomes.com.br\/noticias\/wp-content\/uploads\/2021\/03\/MG_1424-1024x683.jpg 1024w, https:\/\/blogdorogeriogomes.com.br\/noticias\/wp-content\/uploads\/2021\/03\/MG_1424-300x200.jpg 300w, https:\/\/blogdorogeriogomes.com.br\/noticias\/wp-content\/uploads\/2021\/03\/MG_1424-768x512.jpg 768w, https:\/\/blogdorogeriogomes.com.br\/noticias\/wp-content\/uploads\/2021\/03\/MG_1424-1536x1024.jpg 1536w, https:\/\/blogdorogeriogomes.com.br\/noticias\/wp-content\/uploads\/2021\/03\/MG_1424-800x533.jpg 800w, https:\/\/blogdorogeriogomes.com.br\/noticias\/wp-content\/uploads\/2021\/03\/MG_1424.jpg 1920w\" sizes=\"auto, (max-width: 1024px) 100vw, 1024px\" \/><\/figure>\n","protected":false},"excerpt":{"rendered":"<p>A C\u00e2mara Municipal de Fortaleza deve voltar a se reunir nesta ter\u00e7a-feira, dia 2 de mar\u00e7o. A reforma da Previd\u00eancia dos servidores p\u00fablicos municipais \u00e9 um tema que volta \u00e0 pauta nesta semana. Representantes da Prefeitura v\u00eam desde a semana passada tentando elaborar uma nova proposta com a participa\u00e7\u00e3o das entidades do funcionalismo p\u00fablico municipal. Os servidores n\u00e3o aceitam alguns pontos que estavam na proposta anterior encaminhada pelo Executivo, que retiravam alguns direitos adquiridos. Vereadores de oposi\u00e7\u00e3o prometem fazer&hellip;<\/p>\n","protected":false},"author":1,"featured_media":20295,"comment_status":"open","ping_status":"open","sticky":false,"template":"","format":"standard","meta":{"footnotes":""},"categories":[1],"tags":[],"class_list":["post-20294","post","type-post","status-publish","format-standard","has-post-thumbnail","hentry","category-noticias"],"_links":{"self":[{"href":"https:\/\/blogdorogeriogomes.com.br\/noticias\/wp-json\/wp\/v2\/posts\/20294","targetHints":{"allow":["GET"]}}],"collection":[{"href":"https:\/\/blogdorogeriogomes.com.br\/noticias\/wp-json\/wp\/v2\/posts"}],"about":[{"href":"https:\/\/blogdorogeriogomes.com.br\/noticias\/wp-json\/wp\/v2\/types\/post"}],"author":[{"embeddable":true,"href":"https:\/\/blogdorogeriogomes.com.br\/noticias\/wp-json\/wp\/v2\/users\/1"}],"replies":[{"embeddable":true,"href":"https:\/\/blogdorogeriogomes.com.br\/noticias\/wp-json\/wp\/v2\/comments?post=20294"}],"version-history":[{"count":1,"href":"https:\/\/blogdorogeriogomes.com.br\/noticias\/wp-json\/wp\/v2\/posts\/20294\/revisions"}],"predecessor-version":[{"id":20296,"href":"https:\/\/blogdorogeriogomes.com.br\/noticias\/wp-json\/wp\/v2\/posts\/20294\/revisions\/20296"}],"wp:featuredmedia":[{"embeddable":true,"href":"https:\/\/blogdorogeriogomes.com.br\/noticias\/wp-json\/wp\/v2\/media\/20295"}],"wp:attachment":[{"href":"https:\/\/blogdorogeriogomes.com.br\/noticias\/wp-json\/wp\/v2\/media?parent=20294"}],"wp:term":[{"taxonomy":"category","embeddable":true,"href":"https:\/\/blogdorogeriogomes.com.br\/noticias\/wp-json\/wp\/v2\/categories?post=20294"},{"taxonomy":"post_tag","embeddable":true,"href":"https:\/\/blogdorogeriogomes.com.br\/noticias\/wp-json\/wp\/v2\/tags?post=20294"}],"curies":[{"name":"wp","href":"https:\/\/api.w.org\/{rel}","templated":true}]}}