{"id":20304,"date":"2021-03-01T19:10:48","date_gmt":"2021-03-01T19:10:48","guid":{"rendered":"https:\/\/blogdorogeriogomes.com.br\/?p=20304"},"modified":"2021-03-02T13:07:18","modified_gmt":"2021-03-02T13:07:18","slug":"preco-dos-combustiveis-no-brasil-aumentara-pela-quinta-vez-so-em-2021","status":"publish","type":"post","link":"https:\/\/blogdorogeriogomes.com.br\/noticias\/2021\/03\/preco-dos-combustiveis-no-brasil-aumentara-pela-quinta-vez-so-em-2021\/","title":{"rendered":"Pre\u00e7o dos combust\u00edveis no Brasil aumentar\u00e1 pela quinta vez s\u00f3 em 2021"},"content":{"rendered":"\n<p>A partir desta ter\u00e7a-feira, dia 2 de mar\u00e7o, o pre\u00e7o da gasolina e do diesel ser\u00e1 elevado em cerca de 5%. A informa\u00e7\u00e3o foi divulgada pela Petrobras. Este \u00e9 o quinto aumento nos valores dos combust\u00edveis somente em 2021, o segundo nas \u00faltimas duas semanas. A nova altera\u00e7\u00e3o nos pre\u00e7os ocorre ap\u00f3s a demiss\u00e3o do presidente da estatal, Roberto Castello Branco, pelo presidente da Rep\u00fablica, Jair Bolsonaro, sob a justificativa de praticar aumentos excessivos.<\/p>\n\n\n\n<p>O pre\u00e7o da gasolina no Cear\u00e1 \u00e9 o mais alto do Nordeste. Em Fortaleza, o valor do combust\u00edvel j\u00e1 ultrapassa os R$ 5,00. Al\u00e9m de pesar no bolso para abastecer o combust\u00edvel, a popula\u00e7\u00e3o tamb\u00e9m ter\u00e1 de pagar mais caro para comprar o g\u00e1s de cozinha, que sofrer\u00e1 aumento em 5% no valor.<\/p>\n\n\n\n<p>Combust\u00edvel mais utilizado do Brasil, o diesel torna-se central no ac\u00famulo de cerca de 34% em 2021 nas refinarias da estatal ap\u00f3s o acr\u00e9scimo nos pre\u00e7os, enquanto a gasolina somar\u00e1 eleva\u00e7\u00e3o de 41,5% neste ano. A alta do pre\u00e7o segue repercutindo entre os caminhoneiros do pa\u00eds, que j\u00e1 se mobilizam para cobran\u00e7as junto ao Governo Federal.<\/p>\n\n\n\n<figure class=\"wp-block-image size-large\"><img loading=\"lazy\" decoding=\"async\" width=\"739\" height=\"415\" src=\"https:\/\/blogdorogeriogomes.com.br\/wp-content\/uploads\/2021\/03\/images-42.jpeg\" alt=\"\" class=\"wp-image-20305\" srcset=\"https:\/\/blogdorogeriogomes.com.br\/noticias\/wp-content\/uploads\/2021\/03\/images-42.jpeg 739w, https:\/\/blogdorogeriogomes.com.br\/noticias\/wp-content\/uploads\/2021\/03\/images-42-300x168.jpeg 300w\" sizes=\"auto, (max-width: 739px) 100vw, 739px\" \/><\/figure>\n","protected":false},"excerpt":{"rendered":"<p>A partir desta ter\u00e7a-feira, dia 2 de mar\u00e7o, o pre\u00e7o da gasolina e do diesel ser\u00e1 elevado em cerca de 5%. A informa\u00e7\u00e3o foi divulgada pela Petrobras. Este \u00e9 o quinto aumento nos valores dos combust\u00edveis somente em 2021, o segundo nas \u00faltimas duas semanas. A nova altera\u00e7\u00e3o nos pre\u00e7os ocorre ap\u00f3s a demiss\u00e3o do presidente da estatal, Roberto Castello Branco, pelo presidente da Rep\u00fablica, Jair Bolsonaro, sob a justificativa de praticar aumentos excessivos. O pre\u00e7o da gasolina no&hellip;<\/p>\n","protected":false},"author":1,"featured_media":20305,"comment_status":"open","ping_status":"open","sticky":false,"template":"","format":"standard","meta":{"footnotes":""},"categories":[1],"tags":[],"class_list":["post-20304","post","type-post","status-publish","format-standard","has-post-thumbnail","hentry","category-noticias"],"_links":{"self":[{"href":"https:\/\/blogdorogeriogomes.com.br\/noticias\/wp-json\/wp\/v2\/posts\/20304","targetHints":{"allow":["GET"]}}],"collection":[{"href":"https:\/\/blogdorogeriogomes.com.br\/noticias\/wp-json\/wp\/v2\/posts"}],"about":[{"href":"https:\/\/blogdorogeriogomes.com.br\/noticias\/wp-json\/wp\/v2\/types\/post"}],"author":[{"embeddable":true,"href":"https:\/\/blogdorogeriogomes.com.br\/noticias\/wp-json\/wp\/v2\/users\/1"}],"replies":[{"embeddable":true,"href":"https:\/\/blogdorogeriogomes.com.br\/noticias\/wp-json\/wp\/v2\/comments?post=20304"}],"version-history":[{"count":1,"href":"https:\/\/blogdorogeriogomes.com.br\/noticias\/wp-json\/wp\/v2\/posts\/20304\/revisions"}],"predecessor-version":[{"id":20306,"href":"https:\/\/blogdorogeriogomes.com.br\/noticias\/wp-json\/wp\/v2\/posts\/20304\/revisions\/20306"}],"wp:featuredmedia":[{"embeddable":true,"href":"https:\/\/blogdorogeriogomes.com.br\/noticias\/wp-json\/wp\/v2\/media\/20305"}],"wp:attachment":[{"href":"https:\/\/blogdorogeriogomes.com.br\/noticias\/wp-json\/wp\/v2\/media?parent=20304"}],"wp:term":[{"taxonomy":"category","embeddable":true,"href":"https:\/\/blogdorogeriogomes.com.br\/noticias\/wp-json\/wp\/v2\/categories?post=20304"},{"taxonomy":"post_tag","embeddable":true,"href":"https:\/\/blogdorogeriogomes.com.br\/noticias\/wp-json\/wp\/v2\/tags?post=20304"}],"curies":[{"name":"wp","href":"https:\/\/api.w.org\/{rel}","templated":true}]}}