{"id":20310,"date":"2021-03-02T09:55:21","date_gmt":"2021-03-02T09:55:21","guid":{"rendered":"https:\/\/blogdorogeriogomes.com.br\/?p=20310"},"modified":"2021-03-02T13:05:48","modified_gmt":"2021-03-02T13:05:48","slug":"agua-do-rio-sao-francisco-e-liberada-e-ja-estao-a-caminho-do-acude-castanhao-no-ceara","status":"publish","type":"post","link":"https:\/\/blogdorogeriogomes.com.br\/noticias\/2021\/03\/agua-do-rio-sao-francisco-e-liberada-e-ja-estao-a-caminho-do-acude-castanhao-no-ceara\/","title":{"rendered":"\u00c1gua do rio S\u00e3o Francisco \u00e9 liberada e j\u00e1 est\u00e1 a caminho do a\u00e7ude Castanh\u00e3o, no Cear\u00e1"},"content":{"rendered":"\n<p>As \u00e1guas do Projeto de Integra\u00e7\u00e3o do Rio S\u00e3o Francisco j\u00e1 est\u00e3o a caminho do a\u00e7ude Castanh\u00e3o, em Alto Santo, no interior do Cear\u00e1. O Castanh\u00e3o \u00e9 o maior reservat\u00f3rio do Estado e respons\u00e1vel pelo abastecimento de \u00e1gua de Fortaleza e Regi\u00e3o Metropolitana. A libera\u00e7\u00e3o aconteceu com abertura da comporta no quil\u00f4metro 53 do Cintur\u00e3o das \u00c1guas do Cear\u00e1 (CAC), no munic\u00edpio de Miss\u00e3o Velha, na Regi\u00e3o do Cariri. A previs\u00e3o \u00e9 que as \u00e1guas cheguem ao a\u00e7ude Castanh\u00e3o em 30 dias.<\/p>\n\n\n\n<p>De acordo com a Secret\u00e1ria dos Recursos H\u00eddricos, o per\u00edodo chuvoso vai ajudar com que as \u00e1guas cheguem mais r\u00e1pido ao reservat\u00f3rio. As precipita\u00e7\u00f5es de fevereiro j\u00e1 est\u00e3o contribuindo com a recarga de reservat\u00f3rios em v\u00e1rias regi\u00f5es do Cear\u00e1.<\/p>\n\n\n\n<figure class=\"wp-block-image size-large\"><img loading=\"lazy\" decoding=\"async\" width=\"750\" height=\"500\" src=\"https:\/\/blogdorogeriogomes.com.br\/wp-content\/uploads\/2021\/03\/1_whatsapp_image_2021_03_01_at_18_24_02-15024621.jpeg\" alt=\"\" class=\"wp-image-20311\" srcset=\"https:\/\/blogdorogeriogomes.com.br\/noticias\/wp-content\/uploads\/2021\/03\/1_whatsapp_image_2021_03_01_at_18_24_02-15024621.jpeg 750w, https:\/\/blogdorogeriogomes.com.br\/noticias\/wp-content\/uploads\/2021\/03\/1_whatsapp_image_2021_03_01_at_18_24_02-15024621-300x200.jpeg 300w\" sizes=\"auto, (max-width: 750px) 100vw, 750px\" \/><\/figure>\n","protected":false},"excerpt":{"rendered":"<p>As \u00e1guas do Projeto de Integra\u00e7\u00e3o do Rio S\u00e3o Francisco j\u00e1 est\u00e3o a caminho do a\u00e7ude Castanh\u00e3o, em Alto Santo, no interior do Cear\u00e1. O Castanh\u00e3o \u00e9 o maior reservat\u00f3rio do Estado e respons\u00e1vel pelo abastecimento de \u00e1gua de Fortaleza e Regi\u00e3o Metropolitana. A libera\u00e7\u00e3o aconteceu com abertura da comporta no quil\u00f4metro 53 do Cintur\u00e3o das \u00c1guas do Cear\u00e1 (CAC), no munic\u00edpio de Miss\u00e3o Velha, na Regi\u00e3o do Cariri. A previs\u00e3o \u00e9 que as \u00e1guas cheguem ao a\u00e7ude Castanh\u00e3o&hellip;<\/p>\n","protected":false},"author":1,"featured_media":20311,"comment_status":"open","ping_status":"open","sticky":false,"template":"","format":"standard","meta":{"footnotes":""},"categories":[1],"tags":[],"class_list":["post-20310","post","type-post","status-publish","format-standard","has-post-thumbnail","hentry","category-noticias"],"_links":{"self":[{"href":"https:\/\/blogdorogeriogomes.com.br\/noticias\/wp-json\/wp\/v2\/posts\/20310","targetHints":{"allow":["GET"]}}],"collection":[{"href":"https:\/\/blogdorogeriogomes.com.br\/noticias\/wp-json\/wp\/v2\/posts"}],"about":[{"href":"https:\/\/blogdorogeriogomes.com.br\/noticias\/wp-json\/wp\/v2\/types\/post"}],"author":[{"embeddable":true,"href":"https:\/\/blogdorogeriogomes.com.br\/noticias\/wp-json\/wp\/v2\/users\/1"}],"replies":[{"embeddable":true,"href":"https:\/\/blogdorogeriogomes.com.br\/noticias\/wp-json\/wp\/v2\/comments?post=20310"}],"version-history":[{"count":2,"href":"https:\/\/blogdorogeriogomes.com.br\/noticias\/wp-json\/wp\/v2\/posts\/20310\/revisions"}],"predecessor-version":[{"id":20313,"href":"https:\/\/blogdorogeriogomes.com.br\/noticias\/wp-json\/wp\/v2\/posts\/20310\/revisions\/20313"}],"wp:featuredmedia":[{"embeddable":true,"href":"https:\/\/blogdorogeriogomes.com.br\/noticias\/wp-json\/wp\/v2\/media\/20311"}],"wp:attachment":[{"href":"https:\/\/blogdorogeriogomes.com.br\/noticias\/wp-json\/wp\/v2\/media?parent=20310"}],"wp:term":[{"taxonomy":"category","embeddable":true,"href":"https:\/\/blogdorogeriogomes.com.br\/noticias\/wp-json\/wp\/v2\/categories?post=20310"},{"taxonomy":"post_tag","embeddable":true,"href":"https:\/\/blogdorogeriogomes.com.br\/noticias\/wp-json\/wp\/v2\/tags?post=20310"}],"curies":[{"name":"wp","href":"https:\/\/api.w.org\/{rel}","templated":true}]}}