{"id":20314,"date":"2021-03-02T10:12:08","date_gmt":"2021-03-02T10:12:08","guid":{"rendered":"https:\/\/blogdorogeriogomes.com.br\/?p=20314"},"modified":"2021-03-02T13:05:35","modified_gmt":"2021-03-02T13:05:35","slug":"ceara-recebe-ate-esta-quarta-feira-mais-122-mil-doses-da-vacina-coronavac","status":"publish","type":"post","link":"https:\/\/blogdorogeriogomes.com.br\/noticias\/2021\/03\/ceara-recebe-ate-esta-quarta-feira-mais-122-mil-doses-da-vacina-coronavac\/","title":{"rendered":"Cear\u00e1 recebe at\u00e9 esta quarta-feira mais 122 mil doses da vacina CoronaVac"},"content":{"rendered":"\n<p>O governador do Cear\u00e1, Camilo Santana, confirmou que o Estado vai receber at\u00e9&nbsp;quarta-feira, dia 3 de mar\u00e7o, mais 122 mil doses da vacina Coronavac. Os imunizantes v\u00e3o refor\u00e7ar a campanha de vacina\u00e7\u00e3o em Fortaleza e no interior do Cear\u00e1.<\/p>\n\n\n\n<p>Ainda nesta ter\u00e7a-feira, dia 2, Camilo Santana estar\u00e1, em Bras\u00edlia, buscando negocia\u00e7\u00e3o com o laborat\u00f3rio que representa a&nbsp;vacina russa Sputinik V, ao lado de outros governadores. A ideia \u00e9 fazer a compra direta do imunizante atrav\u00e9s do F\u00f3rum dos Governadores.<\/p>\n\n\n\n<p>A avalia\u00e7\u00e3o do Secret\u00e1rio de Sa\u00fade do Cear\u00e1, Dr. Cabeto, \u00e9 que o Estado j\u00e1 vive comprovadamente na&nbsp;segunda onda da pandemia da Covid-19. Segundo ele, os casos devem aumentar ainda mais e as medidas de restri\u00e7\u00f5es tomadas com o novo decreto s\u00f3 ter\u00e3o efeitos num prazo de duas semanas. At\u00e9 l\u00e1, deveremos enfrentar o chamado pico de casos da segunda onda.<\/p>\n\n\n\n<figure class=\"wp-block-image size-large\"><img loading=\"lazy\" decoding=\"async\" width=\"678\" height=\"452\" src=\"https:\/\/blogdorogeriogomes.com.br\/wp-content\/uploads\/2021\/03\/images-44.jpeg\" alt=\"\" class=\"wp-image-20315\" srcset=\"https:\/\/blogdorogeriogomes.com.br\/noticias\/wp-content\/uploads\/2021\/03\/images-44.jpeg 678w, https:\/\/blogdorogeriogomes.com.br\/noticias\/wp-content\/uploads\/2021\/03\/images-44-300x200.jpeg 300w\" sizes=\"auto, (max-width: 678px) 100vw, 678px\" \/><\/figure>\n","protected":false},"excerpt":{"rendered":"<p>O governador do Cear\u00e1, Camilo Santana, confirmou que o Estado vai receber at\u00e9&nbsp;quarta-feira, dia 3 de mar\u00e7o, mais 122 mil doses da vacina Coronavac. Os imunizantes v\u00e3o refor\u00e7ar a campanha de vacina\u00e7\u00e3o em Fortaleza e no interior do Cear\u00e1. Ainda nesta ter\u00e7a-feira, dia 2, Camilo Santana estar\u00e1, em Bras\u00edlia, buscando negocia\u00e7\u00e3o com o laborat\u00f3rio que representa a&nbsp;vacina russa Sputinik V, ao lado de outros governadores. A ideia \u00e9 fazer a compra direta do imunizante atrav\u00e9s do F\u00f3rum dos Governadores.&hellip;<\/p>\n","protected":false},"author":1,"featured_media":20315,"comment_status":"open","ping_status":"open","sticky":false,"template":"","format":"standard","meta":{"footnotes":""},"categories":[1],"tags":[],"class_list":["post-20314","post","type-post","status-publish","format-standard","has-post-thumbnail","hentry","category-noticias"],"_links":{"self":[{"href":"https:\/\/blogdorogeriogomes.com.br\/noticias\/wp-json\/wp\/v2\/posts\/20314","targetHints":{"allow":["GET"]}}],"collection":[{"href":"https:\/\/blogdorogeriogomes.com.br\/noticias\/wp-json\/wp\/v2\/posts"}],"about":[{"href":"https:\/\/blogdorogeriogomes.com.br\/noticias\/wp-json\/wp\/v2\/types\/post"}],"author":[{"embeddable":true,"href":"https:\/\/blogdorogeriogomes.com.br\/noticias\/wp-json\/wp\/v2\/users\/1"}],"replies":[{"embeddable":true,"href":"https:\/\/blogdorogeriogomes.com.br\/noticias\/wp-json\/wp\/v2\/comments?post=20314"}],"version-history":[{"count":2,"href":"https:\/\/blogdorogeriogomes.com.br\/noticias\/wp-json\/wp\/v2\/posts\/20314\/revisions"}],"predecessor-version":[{"id":20320,"href":"https:\/\/blogdorogeriogomes.com.br\/noticias\/wp-json\/wp\/v2\/posts\/20314\/revisions\/20320"}],"wp:featuredmedia":[{"embeddable":true,"href":"https:\/\/blogdorogeriogomes.com.br\/noticias\/wp-json\/wp\/v2\/media\/20315"}],"wp:attachment":[{"href":"https:\/\/blogdorogeriogomes.com.br\/noticias\/wp-json\/wp\/v2\/media?parent=20314"}],"wp:term":[{"taxonomy":"category","embeddable":true,"href":"https:\/\/blogdorogeriogomes.com.br\/noticias\/wp-json\/wp\/v2\/categories?post=20314"},{"taxonomy":"post_tag","embeddable":true,"href":"https:\/\/blogdorogeriogomes.com.br\/noticias\/wp-json\/wp\/v2\/tags?post=20314"}],"curies":[{"name":"wp","href":"https:\/\/api.w.org\/{rel}","templated":true}]}}