{"id":20317,"date":"2021-03-02T10:25:28","date_gmt":"2021-03-02T10:25:28","guid":{"rendered":"https:\/\/blogdorogeriogomes.com.br\/?p=20317"},"modified":"2021-03-02T13:05:18","modified_gmt":"2021-03-02T13:05:18","slug":"governadores-do-pais-reagem-as-enganacoes-de-bolsonaro-sobre-repasses-da-saude-para-os-estados","status":"publish","type":"post","link":"https:\/\/blogdorogeriogomes.com.br\/noticias\/2021\/03\/governadores-do-pais-reagem-as-enganacoes-de-bolsonaro-sobre-repasses-da-saude-para-os-estados\/","title":{"rendered":"Governadores do Pa\u00eds reagem \u00e0s engana\u00e7\u00f5es de Bolsonaro sobre repasses da sa\u00fade para os estados"},"content":{"rendered":"\n<p>Os governadores do Pa\u00eds reagiram \u00e0s engana\u00e7\u00f5es do presidente Jair Bolsonaro quanto ao repasse de recursos da sa\u00fade aos estados. Bolsonaro quis culpar governadores e prefeitos sobre as mortes causadas pela pandemia de Covid-19 em conversa com apoiadores. Al\u00e9m disso, ap\u00f3s postagem nas redes sociais, 19 dos 27 governadores do Pa\u00eds o acusaram de ter distorcido dados sobre repasses de recursos da sa\u00fade aos estados.<\/p>\n\n\n\n<p>Os chefes dos governos estaduais divulgaram uma carta criticando a &#8220;utiliza\u00e7\u00e3o, pelo Governo Federal, de instrumentos de comunica\u00e7\u00e3o oficial, custeados por dinheiro p\u00fablico, a fim de produzir informa\u00e7\u00e3o distorcida, gerar interpreta\u00e7\u00f5es equivocadas e atacar governos locais&#8221;. Eles dizem que Bolsonaro usou n\u00fameros inflados ao colocar na mesma conta repasses e verba prevista na Constitui\u00e7\u00e3o Federal. Nas redes sociais, o presidente faz a popula\u00e7\u00e3o crer que ele fez algum favor aos estados.<\/p>\n\n\n\n<figure class=\"wp-block-image size-large\"><img loading=\"lazy\" decoding=\"async\" width=\"450\" height=\"337\" src=\"https:\/\/blogdorogeriogomes.com.br\/wp-content\/uploads\/2021\/03\/presidente-jair-bolsonaro-sem-partido-provoca-aglomeracao-durante-cerimonia-de-posse-de-ministros-no-palacio-do-planalto-1614383699787_v2_450x337.jpg\" alt=\"\" class=\"wp-image-20318\" srcset=\"https:\/\/blogdorogeriogomes.com.br\/noticias\/wp-content\/uploads\/2021\/03\/presidente-jair-bolsonaro-sem-partido-provoca-aglomeracao-durante-cerimonia-de-posse-de-ministros-no-palacio-do-planalto-1614383699787_v2_450x337.jpg 450w, https:\/\/blogdorogeriogomes.com.br\/noticias\/wp-content\/uploads\/2021\/03\/presidente-jair-bolsonaro-sem-partido-provoca-aglomeracao-durante-cerimonia-de-posse-de-ministros-no-palacio-do-planalto-1614383699787_v2_450x337-300x225.jpg 300w, https:\/\/blogdorogeriogomes.com.br\/noticias\/wp-content\/uploads\/2021\/03\/presidente-jair-bolsonaro-sem-partido-provoca-aglomeracao-durante-cerimonia-de-posse-de-ministros-no-palacio-do-planalto-1614383699787_v2_450x337-400x300.jpg 400w\" sizes=\"auto, (max-width: 450px) 100vw, 450px\" \/><\/figure>\n","protected":false},"excerpt":{"rendered":"<p>Os governadores do Pa\u00eds reagiram \u00e0s engana\u00e7\u00f5es do presidente Jair Bolsonaro quanto ao repasse de recursos da sa\u00fade aos estados. Bolsonaro quis culpar governadores e prefeitos sobre as mortes causadas pela pandemia de Covid-19 em conversa com apoiadores. Al\u00e9m disso, ap\u00f3s postagem nas redes sociais, 19 dos 27 governadores do Pa\u00eds o acusaram de ter distorcido dados sobre repasses de recursos da sa\u00fade aos estados. Os chefes dos governos estaduais divulgaram uma carta criticando a &#8220;utiliza\u00e7\u00e3o, pelo Governo Federal,&hellip;<\/p>\n","protected":false},"author":1,"featured_media":20318,"comment_status":"open","ping_status":"open","sticky":false,"template":"","format":"standard","meta":{"footnotes":""},"categories":[1],"tags":[],"class_list":["post-20317","post","type-post","status-publish","format-standard","has-post-thumbnail","hentry","category-noticias"],"_links":{"self":[{"href":"https:\/\/blogdorogeriogomes.com.br\/noticias\/wp-json\/wp\/v2\/posts\/20317","targetHints":{"allow":["GET"]}}],"collection":[{"href":"https:\/\/blogdorogeriogomes.com.br\/noticias\/wp-json\/wp\/v2\/posts"}],"about":[{"href":"https:\/\/blogdorogeriogomes.com.br\/noticias\/wp-json\/wp\/v2\/types\/post"}],"author":[{"embeddable":true,"href":"https:\/\/blogdorogeriogomes.com.br\/noticias\/wp-json\/wp\/v2\/users\/1"}],"replies":[{"embeddable":true,"href":"https:\/\/blogdorogeriogomes.com.br\/noticias\/wp-json\/wp\/v2\/comments?post=20317"}],"version-history":[{"count":1,"href":"https:\/\/blogdorogeriogomes.com.br\/noticias\/wp-json\/wp\/v2\/posts\/20317\/revisions"}],"predecessor-version":[{"id":20319,"href":"https:\/\/blogdorogeriogomes.com.br\/noticias\/wp-json\/wp\/v2\/posts\/20317\/revisions\/20319"}],"wp:featuredmedia":[{"embeddable":true,"href":"https:\/\/blogdorogeriogomes.com.br\/noticias\/wp-json\/wp\/v2\/media\/20318"}],"wp:attachment":[{"href":"https:\/\/blogdorogeriogomes.com.br\/noticias\/wp-json\/wp\/v2\/media?parent=20317"}],"wp:term":[{"taxonomy":"category","embeddable":true,"href":"https:\/\/blogdorogeriogomes.com.br\/noticias\/wp-json\/wp\/v2\/categories?post=20317"},{"taxonomy":"post_tag","embeddable":true,"href":"https:\/\/blogdorogeriogomes.com.br\/noticias\/wp-json\/wp\/v2\/tags?post=20317"}],"curies":[{"name":"wp","href":"https:\/\/api.w.org\/{rel}","templated":true}]}}