{"id":20321,"date":"2021-03-02T23:00:32","date_gmt":"2021-03-02T23:00:32","guid":{"rendered":"https:\/\/blogdorogeriogomes.com.br\/?p=20321"},"modified":"2021-03-03T12:17:01","modified_gmt":"2021-03-03T12:17:01","slug":"reuniao-entre-governadores-e-arthur-lira-garante-acordo-e-verba-de-r-145-bilhoes-no-orcamento-da-uniao-para-a-saude-em-2021","status":"publish","type":"post","link":"https:\/\/blogdorogeriogomes.com.br\/noticias\/2021\/03\/reuniao-entre-governadores-e-arthur-lira-garante-acordo-e-verba-de-r-145-bilhoes-no-orcamento-da-uniao-para-a-saude-em-2021\/","title":{"rendered":"Reuni\u00e3o entre governadores e Arthur Lira garante acordo e verba de R$ 14,5 bilh\u00f5es no or\u00e7amento da Uni\u00e3o para a sa\u00fade em 2021"},"content":{"rendered":"\n<p>O presidente da C\u00e2mara dos Deputados, Arthur Lira, se reuniu com governadores de todo o Pa\u00eds, nesta ter\u00e7a-feira, dia 2 de mar\u00e7o.  E um dos principais pontos da pauta foi a defini\u00e7\u00e3o do or\u00e7amento da Uni\u00e3o para a sa\u00fade em 2021. Um&nbsp;acordo&nbsp;foi&nbsp;firmado&nbsp;para destinar R$ 14,5 bilh\u00f5es do Or\u00e7amento Federal para a \u00e1rea da sa\u00fade. Deste total, R$ 12 bilh\u00f5es ser\u00e3o oriundos de emendas parlamentares e&nbsp;R$ 2,5 bilh\u00f5es do&nbsp;fundo emergencial de combate \u00e0 pandemia.&nbsp;<\/p>\n\n\n\n<p>No encontro, que contou com a participa\u00e7\u00e3o do governador do Cear\u00e1, Camilo Santana, tamb\u00e9m foram discutidos temas como aquisi\u00e7\u00e3o de vacinas, defini\u00e7\u00e3o do novo aux\u00edlio emergencial e recupera\u00e7\u00e3o econ\u00f4mica do Pa\u00eds.<\/p>\n\n\n\n<p>\u201cNesse momento n\u00f3s precisamos nos unir para combater um inimigo comum, que \u00e9 o v\u00edrus, proteger a popula\u00e7\u00e3o e salvar vidas. E o Congresso Nacional tem um papel muito importante nessa interlocu\u00e7\u00e3o e nesse equil\u00edbrio do momento do Brasil&#8221;, destacou o governador Camilo Santana.<\/p>\n\n\n\n<figure class=\"wp-block-image size-large\"><img loading=\"lazy\" decoding=\"async\" width=\"679\" height=\"452\" src=\"https:\/\/blogdorogeriogomes.com.br\/wp-content\/uploads\/2021\/03\/images-46.jpeg\" alt=\"\" class=\"wp-image-20322\" srcset=\"https:\/\/blogdorogeriogomes.com.br\/noticias\/wp-content\/uploads\/2021\/03\/images-46.jpeg 679w, https:\/\/blogdorogeriogomes.com.br\/noticias\/wp-content\/uploads\/2021\/03\/images-46-300x200.jpeg 300w\" sizes=\"auto, (max-width: 679px) 100vw, 679px\" \/><\/figure>\n","protected":false},"excerpt":{"rendered":"<p>O presidente da C\u00e2mara dos Deputados, Arthur Lira, se reuniu com governadores de todo o Pa\u00eds, nesta ter\u00e7a-feira, dia 2 de mar\u00e7o. E um dos principais pontos da pauta foi a defini\u00e7\u00e3o do or\u00e7amento da Uni\u00e3o para a sa\u00fade em 2021. Um&nbsp;acordo&nbsp;foi&nbsp;firmado&nbsp;para destinar R$ 14,5 bilh\u00f5es do Or\u00e7amento Federal para a \u00e1rea da sa\u00fade. Deste total, R$ 12 bilh\u00f5es ser\u00e3o oriundos de emendas parlamentares e&nbsp;R$ 2,5 bilh\u00f5es do&nbsp;fundo emergencial de combate \u00e0 pandemia.&nbsp; No encontro, que contou com a&hellip;<\/p>\n","protected":false},"author":1,"featured_media":20322,"comment_status":"open","ping_status":"open","sticky":false,"template":"","format":"standard","meta":{"footnotes":""},"categories":[1],"tags":[],"class_list":["post-20321","post","type-post","status-publish","format-standard","has-post-thumbnail","hentry","category-noticias"],"_links":{"self":[{"href":"https:\/\/blogdorogeriogomes.com.br\/noticias\/wp-json\/wp\/v2\/posts\/20321","targetHints":{"allow":["GET"]}}],"collection":[{"href":"https:\/\/blogdorogeriogomes.com.br\/noticias\/wp-json\/wp\/v2\/posts"}],"about":[{"href":"https:\/\/blogdorogeriogomes.com.br\/noticias\/wp-json\/wp\/v2\/types\/post"}],"author":[{"embeddable":true,"href":"https:\/\/blogdorogeriogomes.com.br\/noticias\/wp-json\/wp\/v2\/users\/1"}],"replies":[{"embeddable":true,"href":"https:\/\/blogdorogeriogomes.com.br\/noticias\/wp-json\/wp\/v2\/comments?post=20321"}],"version-history":[{"count":2,"href":"https:\/\/blogdorogeriogomes.com.br\/noticias\/wp-json\/wp\/v2\/posts\/20321\/revisions"}],"predecessor-version":[{"id":20333,"href":"https:\/\/blogdorogeriogomes.com.br\/noticias\/wp-json\/wp\/v2\/posts\/20321\/revisions\/20333"}],"wp:featuredmedia":[{"embeddable":true,"href":"https:\/\/blogdorogeriogomes.com.br\/noticias\/wp-json\/wp\/v2\/media\/20322"}],"wp:attachment":[{"href":"https:\/\/blogdorogeriogomes.com.br\/noticias\/wp-json\/wp\/v2\/media?parent=20321"}],"wp:term":[{"taxonomy":"category","embeddable":true,"href":"https:\/\/blogdorogeriogomes.com.br\/noticias\/wp-json\/wp\/v2\/categories?post=20321"},{"taxonomy":"post_tag","embeddable":true,"href":"https:\/\/blogdorogeriogomes.com.br\/noticias\/wp-json\/wp\/v2\/tags?post=20321"}],"curies":[{"name":"wp","href":"https:\/\/api.w.org\/{rel}","templated":true}]}}