{"id":20324,"date":"2021-03-02T23:16:09","date_gmt":"2021-03-02T23:16:09","guid":{"rendered":"https:\/\/blogdorogeriogomes.com.br\/?p=20324"},"modified":"2021-03-03T12:16:01","modified_gmt":"2021-03-03T12:16:01","slug":"projeto-da-reforma-da-previdencia-de-servidores-municipais-agora-vai-preservar-a-licenca-premio-e-o-adicional-por-tempo-de-servico","status":"publish","type":"post","link":"https:\/\/blogdorogeriogomes.com.br\/noticias\/2021\/03\/projeto-da-reforma-da-previdencia-de-servidores-municipais-agora-vai-preservar-a-licenca-premio-e-o-adicional-por-tempo-de-servico\/","title":{"rendered":"Projeto da reforma da Previd\u00eancia de servidores municipais agora vai preservar a licen\u00e7a pr\u00eamio e o adicional por tempo de servi\u00e7o"},"content":{"rendered":"\n<p>A C\u00e2mara Municipal de Fortaleza aprovou, em sess\u00e3o plen\u00e1ria nesta ter\u00e7a-feira, dia 2 de mar\u00e7o, a retomada da tramita\u00e7\u00e3o do projeto de emenda \u00e0 Lei Org\u00e2nica do Munic\u00edpio que faz as bases da reforma da Previd\u00eancia. Ap\u00f3s protestos de servidores p\u00fablicos e di\u00e1logo da Prefeitura de Fortaleza com a categoria, o novo texto incluir\u00e1 as licen\u00e7as pr\u00eamios e manter\u00e1 o adicional por tempo de servi\u00e7o para os trabalhadores, pontos exclu\u00eddos na proposta anterior.<\/p>\n\n\n\n<p>O que permanecem s\u00e3o as idades m\u00ednimas de aposentadoria: 65 anos, para homens, e 62 anos, para as mulheres. A mensagem enviada pelo prefeito Sarto Nogueira ao Legislativo da Capital destaca ainda que todos os detalhes do regime pr\u00f3prio de Previd\u00eancia ser\u00e3o disciplinados por Lei Complementar. Uma outra lei ir\u00e1 tratar dos benef\u00edcios de aposentadoria e pens\u00e3o, assegurando sem limite de idade a pens\u00e3o para dependente inv\u00e1lido ou com defici\u00eancia intelectual, mental ou grave.<\/p>\n\n\n\n<p>A manh\u00e3 de vota\u00e7\u00e3o dos vereadores ocorreu sob fortes protestos de servidores p\u00fablicos contra a reforma da Previd\u00eancia. A Guarda Municipal chegou a lan\u00e7ar spray de pimenta e bombas de efeito moral para tentar dispersar a aglomera\u00e7\u00e3o dos manifestantes. Diante da tens\u00e3o, alguns parlamentares sugeriram at\u00e9 a suspens\u00e3o das atividades da C\u00e2mara, mas isso n\u00e3o se concretizou.<\/p>\n\n\n\n<figure class=\"wp-block-image size-large\"><img loading=\"lazy\" decoding=\"async\" width=\"1024\" height=\"683\" src=\"https:\/\/blogdorogeriogomes.com.br\/wp-content\/uploads\/2021\/03\/ASM_1754-1024x683-1.jpg\" alt=\"\" class=\"wp-image-20325\" srcset=\"https:\/\/blogdorogeriogomes.com.br\/noticias\/wp-content\/uploads\/2021\/03\/ASM_1754-1024x683-1.jpg 1024w, https:\/\/blogdorogeriogomes.com.br\/noticias\/wp-content\/uploads\/2021\/03\/ASM_1754-1024x683-1-300x200.jpg 300w, https:\/\/blogdorogeriogomes.com.br\/noticias\/wp-content\/uploads\/2021\/03\/ASM_1754-1024x683-1-768x512.jpg 768w, https:\/\/blogdorogeriogomes.com.br\/noticias\/wp-content\/uploads\/2021\/03\/ASM_1754-1024x683-1-800x534.jpg 800w\" sizes=\"auto, (max-width: 1024px) 100vw, 1024px\" \/><\/figure>\n","protected":false},"excerpt":{"rendered":"<p>A C\u00e2mara Municipal de Fortaleza aprovou, em sess\u00e3o plen\u00e1ria nesta ter\u00e7a-feira, dia 2 de mar\u00e7o, a retomada da tramita\u00e7\u00e3o do projeto de emenda \u00e0 Lei Org\u00e2nica do Munic\u00edpio que faz as bases da reforma da Previd\u00eancia. Ap\u00f3s protestos de servidores p\u00fablicos e di\u00e1logo da Prefeitura de Fortaleza com a categoria, o novo texto incluir\u00e1 as licen\u00e7as pr\u00eamios e manter\u00e1 o adicional por tempo de servi\u00e7o para os trabalhadores, pontos exclu\u00eddos na proposta anterior. O que permanecem s\u00e3o as idades&hellip;<\/p>\n","protected":false},"author":1,"featured_media":20325,"comment_status":"open","ping_status":"open","sticky":false,"template":"","format":"standard","meta":{"footnotes":""},"categories":[1],"tags":[],"class_list":["post-20324","post","type-post","status-publish","format-standard","has-post-thumbnail","hentry","category-noticias"],"_links":{"self":[{"href":"https:\/\/blogdorogeriogomes.com.br\/noticias\/wp-json\/wp\/v2\/posts\/20324","targetHints":{"allow":["GET"]}}],"collection":[{"href":"https:\/\/blogdorogeriogomes.com.br\/noticias\/wp-json\/wp\/v2\/posts"}],"about":[{"href":"https:\/\/blogdorogeriogomes.com.br\/noticias\/wp-json\/wp\/v2\/types\/post"}],"author":[{"embeddable":true,"href":"https:\/\/blogdorogeriogomes.com.br\/noticias\/wp-json\/wp\/v2\/users\/1"}],"replies":[{"embeddable":true,"href":"https:\/\/blogdorogeriogomes.com.br\/noticias\/wp-json\/wp\/v2\/comments?post=20324"}],"version-history":[{"count":1,"href":"https:\/\/blogdorogeriogomes.com.br\/noticias\/wp-json\/wp\/v2\/posts\/20324\/revisions"}],"predecessor-version":[{"id":20326,"href":"https:\/\/blogdorogeriogomes.com.br\/noticias\/wp-json\/wp\/v2\/posts\/20324\/revisions\/20326"}],"wp:featuredmedia":[{"embeddable":true,"href":"https:\/\/blogdorogeriogomes.com.br\/noticias\/wp-json\/wp\/v2\/media\/20325"}],"wp:attachment":[{"href":"https:\/\/blogdorogeriogomes.com.br\/noticias\/wp-json\/wp\/v2\/media?parent=20324"}],"wp:term":[{"taxonomy":"category","embeddable":true,"href":"https:\/\/blogdorogeriogomes.com.br\/noticias\/wp-json\/wp\/v2\/categories?post=20324"},{"taxonomy":"post_tag","embeddable":true,"href":"https:\/\/blogdorogeriogomes.com.br\/noticias\/wp-json\/wp\/v2\/tags?post=20324"}],"curies":[{"name":"wp","href":"https:\/\/api.w.org\/{rel}","templated":true}]}}