{"id":20330,"date":"2021-03-03T11:34:22","date_gmt":"2021-03-03T11:34:22","guid":{"rendered":"https:\/\/blogdorogeriogomes.com.br\/?p=20330"},"modified":"2021-03-03T12:15:15","modified_gmt":"2021-03-03T12:15:15","slug":"senado-deve-votar-pec-emergencial-governo-aguarda-aprovacao-para-encaminhar-o-pagamento-de-novo-auxilio","status":"publish","type":"post","link":"https:\/\/blogdorogeriogomes.com.br\/noticias\/2021\/03\/senado-deve-votar-pec-emergencial-governo-aguarda-aprovacao-para-encaminhar-o-pagamento-de-novo-auxilio\/","title":{"rendered":"Senado deve votar PEC Emergencial. Governo aguarda aprova\u00e7\u00e3o para encaminhar o pagamento de novo aux\u00edlio"},"content":{"rendered":"\n<p>Est\u00e1 prevista para esta quarta-feira, dia 3 de mar\u00e7o, a vota\u00e7\u00e3o no Senado Federal da PEC Emergencial, com medidas de controle dos gastos p\u00fablicos, mas que foi modificada para que tamb\u00e9m possa viabilizar o pagamento do novo aux\u00edlio emergencial no Or\u00e7amento. O Governo Federal estuda o pagamento de quatro novas parcelas do aux\u00edlio emergencial, no valor de R$ 250.<\/p>\n\n\n\n<p>A oposi\u00e7\u00e3o conseguiu retirar da proposta do Governo de por fim aos valores m\u00ednimos a serem gastos pelo com sa\u00fade e educa\u00e7\u00e3o. Estados s\u00e3o obrigados a destinar 12% de seus recursos para a sa\u00fade e 25% para a educa\u00e7\u00e3o. O Governo Federal deve gastar 15% do Or\u00e7amento com sa\u00fade e 18% com educa\u00e7\u00e3o.<\/p>\n\n\n\n<p>A vers\u00e3o original do relat\u00f3rio tamb\u00e9m revogava o repasse de 28% das receitas do FAT (Fundo de Amparo ao Trabalhador) ao BNDES (Banco Nacional de Desenvolvimento Econ\u00f4mico e Social).<\/p>\n\n\n\n<figure class=\"wp-block-image size-large\"><img loading=\"lazy\" decoding=\"async\" width=\"860\" height=\"570\" src=\"https:\/\/blogdorogeriogomes.com.br\/wp-content\/uploads\/2021\/03\/imagem_materia.jpeg\" alt=\"\" class=\"wp-image-20331\" srcset=\"https:\/\/blogdorogeriogomes.com.br\/noticias\/wp-content\/uploads\/2021\/03\/imagem_materia.jpeg 860w, https:\/\/blogdorogeriogomes.com.br\/noticias\/wp-content\/uploads\/2021\/03\/imagem_materia-300x199.jpeg 300w, https:\/\/blogdorogeriogomes.com.br\/noticias\/wp-content\/uploads\/2021\/03\/imagem_materia-768x509.jpeg 768w, https:\/\/blogdorogeriogomes.com.br\/noticias\/wp-content\/uploads\/2021\/03\/imagem_materia-800x530.jpeg 800w\" sizes=\"auto, (max-width: 860px) 100vw, 860px\" \/><\/figure>\n","protected":false},"excerpt":{"rendered":"<p>Est\u00e1 prevista para esta quarta-feira, dia 3 de mar\u00e7o, a vota\u00e7\u00e3o no Senado Federal da PEC Emergencial, com medidas de controle dos gastos p\u00fablicos, mas que foi modificada para que tamb\u00e9m possa viabilizar o pagamento do novo aux\u00edlio emergencial no Or\u00e7amento. O Governo Federal estuda o pagamento de quatro novas parcelas do aux\u00edlio emergencial, no valor de R$ 250. A oposi\u00e7\u00e3o conseguiu retirar da proposta do Governo de por fim aos valores m\u00ednimos a serem gastos pelo com sa\u00fade&hellip;<\/p>\n","protected":false},"author":1,"featured_media":20331,"comment_status":"open","ping_status":"open","sticky":false,"template":"","format":"standard","meta":{"footnotes":""},"categories":[1],"tags":[],"class_list":["post-20330","post","type-post","status-publish","format-standard","has-post-thumbnail","hentry","category-noticias"],"_links":{"self":[{"href":"https:\/\/blogdorogeriogomes.com.br\/noticias\/wp-json\/wp\/v2\/posts\/20330","targetHints":{"allow":["GET"]}}],"collection":[{"href":"https:\/\/blogdorogeriogomes.com.br\/noticias\/wp-json\/wp\/v2\/posts"}],"about":[{"href":"https:\/\/blogdorogeriogomes.com.br\/noticias\/wp-json\/wp\/v2\/types\/post"}],"author":[{"embeddable":true,"href":"https:\/\/blogdorogeriogomes.com.br\/noticias\/wp-json\/wp\/v2\/users\/1"}],"replies":[{"embeddable":true,"href":"https:\/\/blogdorogeriogomes.com.br\/noticias\/wp-json\/wp\/v2\/comments?post=20330"}],"version-history":[{"count":1,"href":"https:\/\/blogdorogeriogomes.com.br\/noticias\/wp-json\/wp\/v2\/posts\/20330\/revisions"}],"predecessor-version":[{"id":20332,"href":"https:\/\/blogdorogeriogomes.com.br\/noticias\/wp-json\/wp\/v2\/posts\/20330\/revisions\/20332"}],"wp:featuredmedia":[{"embeddable":true,"href":"https:\/\/blogdorogeriogomes.com.br\/noticias\/wp-json\/wp\/v2\/media\/20331"}],"wp:attachment":[{"href":"https:\/\/blogdorogeriogomes.com.br\/noticias\/wp-json\/wp\/v2\/media?parent=20330"}],"wp:term":[{"taxonomy":"category","embeddable":true,"href":"https:\/\/blogdorogeriogomes.com.br\/noticias\/wp-json\/wp\/v2\/categories?post=20330"},{"taxonomy":"post_tag","embeddable":true,"href":"https:\/\/blogdorogeriogomes.com.br\/noticias\/wp-json\/wp\/v2\/tags?post=20330"}],"curies":[{"name":"wp","href":"https:\/\/api.w.org\/{rel}","templated":true}]}}