{"id":20334,"date":"2021-03-03T20:19:35","date_gmt":"2021-03-03T20:19:35","guid":{"rendered":"https:\/\/blogdorogeriogomes.com.br\/?p=20334"},"modified":"2021-03-04T14:03:20","modified_gmt":"2021-03-04T14:03:20","slug":"sob-pressao-ministerio-da-saude-recua-e-decide-comprar-vacinas-da-pfizer-e-janssen","status":"publish","type":"post","link":"https:\/\/blogdorogeriogomes.com.br\/noticias\/2021\/03\/sob-pressao-ministerio-da-saude-recua-e-decide-comprar-vacinas-da-pfizer-e-janssen\/","title":{"rendered":"Sob press\u00e3o, Minist\u00e9rio da Sa\u00fade recua e decide comprar vacinas da Pfizer e Janssen"},"content":{"rendered":"\n<p>A press\u00e3o de governadores e prefeitos, que conseguiram autoriza\u00e7\u00e3o do STF para negociar a compra de vacinas contra a Covid-19 diretamente com os laborat\u00f3rios, fez o Governo Federal recuar e decidir comprar doses das vacinas Pfizer e Janssen. Desde o ano passado, a Pzizer oferece o imunizante ao Minist\u00e9rio da Sa\u00fade e o Governo Bolsonaro vem colocando dificuldades para fechar a compra. <\/p>\n\n\n\n<p>A vacina da Pfizer \u00e9 a \u00fanica que tem registro definitivo aprovado pela Ag\u00eancia Nacional de Vigil\u00e2ncia Sanit\u00e1ria (Anvisa). A da Janssen recebeu aprova\u00e7\u00e3o de autoridades sanit\u00e1rias de outros pa\u00edses.<\/p>\n\n\n\n<p>Em reuni\u00e3o na tarde desta quarta-feira, dia 3 de mar\u00e7o, com representantes da Confedera\u00e7\u00e3o Nacional dos Munic\u00edpios (CNM), o ministro da Sa\u00fade, Eduardo Pazuello, informou \u00e0 entidade que a elabora\u00e7\u00e3o do contrato com a Pfizer est\u00e1 em andamento e que o minist\u00e9rio est\u00e1 em negocia\u00e7\u00f5es com a Janssen, que \u00e9 o bra\u00e7o farmac\u00eautico do laborat\u00f3rio Johnson &amp; Johnson.<\/p>\n\n\n\n<figure class=\"wp-block-image size-large\"><img loading=\"lazy\" decoding=\"async\" width=\"667\" height=\"460\" src=\"https:\/\/blogdorogeriogomes.com.br\/wp-content\/uploads\/2021\/03\/images-48.jpeg\" alt=\"\" class=\"wp-image-20335\" srcset=\"https:\/\/blogdorogeriogomes.com.br\/noticias\/wp-content\/uploads\/2021\/03\/images-48.jpeg 667w, https:\/\/blogdorogeriogomes.com.br\/noticias\/wp-content\/uploads\/2021\/03\/images-48-300x207.jpeg 300w\" sizes=\"auto, (max-width: 667px) 100vw, 667px\" \/><\/figure>\n","protected":false},"excerpt":{"rendered":"<p>A press\u00e3o de governadores e prefeitos, que conseguiram autoriza\u00e7\u00e3o do STF para negociar a compra de vacinas contra a Covid-19 diretamente com os laborat\u00f3rios, fez o Governo Federal recuar e decidir comprar doses das vacinas Pfizer e Janssen. Desde o ano passado, a Pzizer oferece o imunizante ao Minist\u00e9rio da Sa\u00fade e o Governo Bolsonaro vem colocando dificuldades para fechar a compra. A vacina da Pfizer \u00e9 a \u00fanica que tem registro definitivo aprovado pela Ag\u00eancia Nacional de Vigil\u00e2ncia&hellip;<\/p>\n","protected":false},"author":1,"featured_media":20335,"comment_status":"open","ping_status":"open","sticky":false,"template":"","format":"standard","meta":{"footnotes":""},"categories":[1],"tags":[],"class_list":["post-20334","post","type-post","status-publish","format-standard","has-post-thumbnail","hentry","category-noticias"],"_links":{"self":[{"href":"https:\/\/blogdorogeriogomes.com.br\/noticias\/wp-json\/wp\/v2\/posts\/20334","targetHints":{"allow":["GET"]}}],"collection":[{"href":"https:\/\/blogdorogeriogomes.com.br\/noticias\/wp-json\/wp\/v2\/posts"}],"about":[{"href":"https:\/\/blogdorogeriogomes.com.br\/noticias\/wp-json\/wp\/v2\/types\/post"}],"author":[{"embeddable":true,"href":"https:\/\/blogdorogeriogomes.com.br\/noticias\/wp-json\/wp\/v2\/users\/1"}],"replies":[{"embeddable":true,"href":"https:\/\/blogdorogeriogomes.com.br\/noticias\/wp-json\/wp\/v2\/comments?post=20334"}],"version-history":[{"count":1,"href":"https:\/\/blogdorogeriogomes.com.br\/noticias\/wp-json\/wp\/v2\/posts\/20334\/revisions"}],"predecessor-version":[{"id":20336,"href":"https:\/\/blogdorogeriogomes.com.br\/noticias\/wp-json\/wp\/v2\/posts\/20334\/revisions\/20336"}],"wp:featuredmedia":[{"embeddable":true,"href":"https:\/\/blogdorogeriogomes.com.br\/noticias\/wp-json\/wp\/v2\/media\/20335"}],"wp:attachment":[{"href":"https:\/\/blogdorogeriogomes.com.br\/noticias\/wp-json\/wp\/v2\/media?parent=20334"}],"wp:term":[{"taxonomy":"category","embeddable":true,"href":"https:\/\/blogdorogeriogomes.com.br\/noticias\/wp-json\/wp\/v2\/categories?post=20334"},{"taxonomy":"post_tag","embeddable":true,"href":"https:\/\/blogdorogeriogomes.com.br\/noticias\/wp-json\/wp\/v2\/tags?post=20334"}],"curies":[{"name":"wp","href":"https:\/\/api.w.org\/{rel}","templated":true}]}}