{"id":20337,"date":"2021-03-03T23:41:02","date_gmt":"2021-03-03T23:41:02","guid":{"rendered":"https:\/\/blogdorogeriogomes.com.br\/?p=20337"},"modified":"2021-03-04T14:03:08","modified_gmt":"2021-03-04T14:03:08","slug":"bolsonaro-cancela-cadeia-nacional-de-radio-e-tv-no-segundo-dia-que-o-brasil-bate-recorde-no-numero-de-mortos-por-covid-19","status":"publish","type":"post","link":"https:\/\/blogdorogeriogomes.com.br\/noticias\/2021\/03\/bolsonaro-cancela-cadeia-nacional-de-radio-e-tv-no-segundo-dia-que-o-brasil-bate-recorde-no-numero-de-mortos-por-covid-19\/","title":{"rendered":"Bolsonaro cancela cadeia nacional de R\u00e1dio e TV no segundo dia que o Brasil bate recorde no n\u00famero de mortos por Covid-19"},"content":{"rendered":"\n<p>O Brasil registrou 1.910 novas mortes em decorr\u00eancia da Covid-19 nas \u00faltimas 24 horas. \u00c9 o segundo dia que o Pa\u00eds bate recorde de mortes desde o in\u00edcio da pandemia no primeiro semestre do ano passado. A consequ\u00eancia \u00e9 que no fim da tarde desta quarta-feira, dia 3 de mar\u00e7o, o pronunciamento do presidente Jair Bolsonaro em cadeia nacional de R\u00e1dio e TV previsto para \u00e0s 20h30min foi cancelado, sem justificativa do Pal\u00e1cio do Planalto.<\/p>\n\n\n\n<p>Nas conversas com aliados, Bolsonaro tem reservado as energias para criticar as restri\u00e7\u00f5es adotadas em diversos estados por conta do aumento nas interna\u00e7\u00f5es. O colapso na rede de sa\u00fade j\u00e1 atinge quase todo o Pa\u00eds, enquanto o presidente se esfor\u00e7a para fugir das suas responsabilidades com o agravamento da pandemia no Brasil. Nas falas dele, os culpados s\u00e3o os jornalistas, os governadores, os prefeitos, o Supremo Tribunal Federal&#8230;a transfer\u00eancia de responsabilidade \u00e9 enorme, menos ele tem culpa.<\/p>\n\n\n\n<p>Alheio ao desastre sanit\u00e1rio que assola o Pa\u00eds, Jair Bolsonaro participou ontem de um almo\u00e7o descontra\u00eddo e informal com parlamentares mineiros e o governador de Minas Gerais, Romeu Zema, em Bras\u00edlia, com um card\u00e1pio tipicamente mineiro, composto de leit\u00e3o, lingui\u00e7a e feij\u00e3o tropeiro. Comemorando o que mesmo?<\/p>\n\n\n\n<figure class=\"wp-block-image size-large\"><img loading=\"lazy\" decoding=\"async\" width=\"554\" height=\"554\" src=\"https:\/\/blogdorogeriogomes.com.br\/wp-content\/uploads\/2021\/03\/images-49.jpeg\" alt=\"\" class=\"wp-image-20338\" srcset=\"https:\/\/blogdorogeriogomes.com.br\/noticias\/wp-content\/uploads\/2021\/03\/images-49.jpeg 554w, https:\/\/blogdorogeriogomes.com.br\/noticias\/wp-content\/uploads\/2021\/03\/images-49-300x300.jpeg 300w, https:\/\/blogdorogeriogomes.com.br\/noticias\/wp-content\/uploads\/2021\/03\/images-49-150x150.jpeg 150w, https:\/\/blogdorogeriogomes.com.br\/noticias\/wp-content\/uploads\/2021\/03\/images-49-250x250.jpeg 250w\" sizes=\"auto, (max-width: 554px) 100vw, 554px\" \/><\/figure>\n\n\n\n<p><\/p>\n","protected":false},"excerpt":{"rendered":"<p>O Brasil registrou 1.910 novas mortes em decorr\u00eancia da Covid-19 nas \u00faltimas 24 horas. \u00c9 o segundo dia que o Pa\u00eds bate recorde de mortes desde o in\u00edcio da pandemia no primeiro semestre do ano passado. A consequ\u00eancia \u00e9 que no fim da tarde desta quarta-feira, dia 3 de mar\u00e7o, o pronunciamento do presidente Jair Bolsonaro em cadeia nacional de R\u00e1dio e TV previsto para \u00e0s 20h30min foi cancelado, sem justificativa do Pal\u00e1cio do Planalto. Nas conversas com aliados,&hellip;<\/p>\n","protected":false},"author":1,"featured_media":20338,"comment_status":"open","ping_status":"open","sticky":false,"template":"","format":"standard","meta":{"footnotes":""},"categories":[1],"tags":[],"class_list":["post-20337","post","type-post","status-publish","format-standard","has-post-thumbnail","hentry","category-noticias"],"_links":{"self":[{"href":"https:\/\/blogdorogeriogomes.com.br\/noticias\/wp-json\/wp\/v2\/posts\/20337","targetHints":{"allow":["GET"]}}],"collection":[{"href":"https:\/\/blogdorogeriogomes.com.br\/noticias\/wp-json\/wp\/v2\/posts"}],"about":[{"href":"https:\/\/blogdorogeriogomes.com.br\/noticias\/wp-json\/wp\/v2\/types\/post"}],"author":[{"embeddable":true,"href":"https:\/\/blogdorogeriogomes.com.br\/noticias\/wp-json\/wp\/v2\/users\/1"}],"replies":[{"embeddable":true,"href":"https:\/\/blogdorogeriogomes.com.br\/noticias\/wp-json\/wp\/v2\/comments?post=20337"}],"version-history":[{"count":1,"href":"https:\/\/blogdorogeriogomes.com.br\/noticias\/wp-json\/wp\/v2\/posts\/20337\/revisions"}],"predecessor-version":[{"id":20339,"href":"https:\/\/blogdorogeriogomes.com.br\/noticias\/wp-json\/wp\/v2\/posts\/20337\/revisions\/20339"}],"wp:featuredmedia":[{"embeddable":true,"href":"https:\/\/blogdorogeriogomes.com.br\/noticias\/wp-json\/wp\/v2\/media\/20338"}],"wp:attachment":[{"href":"https:\/\/blogdorogeriogomes.com.br\/noticias\/wp-json\/wp\/v2\/media?parent=20337"}],"wp:term":[{"taxonomy":"category","embeddable":true,"href":"https:\/\/blogdorogeriogomes.com.br\/noticias\/wp-json\/wp\/v2\/categories?post=20337"},{"taxonomy":"post_tag","embeddable":true,"href":"https:\/\/blogdorogeriogomes.com.br\/noticias\/wp-json\/wp\/v2\/tags?post=20337"}],"curies":[{"name":"wp","href":"https:\/\/api.w.org\/{rel}","templated":true}]}}