{"id":20344,"date":"2021-03-04T00:33:47","date_gmt":"2021-03-04T00:33:47","guid":{"rendered":"https:\/\/blogdorogeriogomes.com.br\/?p=20344"},"modified":"2021-03-04T14:02:43","modified_gmt":"2021-03-04T14:02:43","slug":"governo-do-ceara-decreta-isolamento-social-rigido-em-fortaleza-por-duas-semanas","status":"publish","type":"post","link":"https:\/\/blogdorogeriogomes.com.br\/noticias\/2021\/03\/governo-do-ceara-decreta-isolamento-social-rigido-em-fortaleza-por-duas-semanas\/","title":{"rendered":"Governo do Cear\u00e1 decreta isolamento social r\u00edgido em Fortaleza por duas semanas"},"content":{"rendered":"\n<p>O governador do Cear\u00e1, Camilo Santana, e o prefeito de Fortaleza, Jos\u00e9 Sarto, anunciaram na noite desta quarta-feira, dia 3 de mar\u00e7o, novas regras de isolamento r\u00edgido em Fortaleza durante duas semanas, entre os dias 5 e 18 de mar\u00e7o. S\u00f3 poder\u00e3o funcionar servi\u00e7os considerados essenciais. Somente nesta quarta-feira, 84  mortes foram registrados no Cear\u00e1 por causa da Covid-19.&nbsp;<\/p>\n\n\n\n<p>As prefeituras de munic\u00edpios do interior do Cear\u00e1 tamb\u00e9m est\u00e3o recebendo a recomenda\u00e7\u00e3o de fazer o isolamento r\u00edgido, principalmente nas cidades onde o n\u00famero de casos da Covid-19 est\u00e1 lotando a rede hospitalar.<\/p>\n\n\n\n<figure class=\"wp-block-image size-large\"><img loading=\"lazy\" decoding=\"async\" width=\"678\" height=\"452\" src=\"https:\/\/blogdorogeriogomes.com.br\/wp-content\/uploads\/2021\/03\/images-51.jpeg\" alt=\"\" class=\"wp-image-20345\" srcset=\"https:\/\/blogdorogeriogomes.com.br\/noticias\/wp-content\/uploads\/2021\/03\/images-51.jpeg 678w, https:\/\/blogdorogeriogomes.com.br\/noticias\/wp-content\/uploads\/2021\/03\/images-51-300x200.jpeg 300w\" sizes=\"auto, (max-width: 678px) 100vw, 678px\" \/><\/figure>\n","protected":false},"excerpt":{"rendered":"<p>O governador do Cear\u00e1, Camilo Santana, e o prefeito de Fortaleza, Jos\u00e9 Sarto, anunciaram na noite desta quarta-feira, dia 3 de mar\u00e7o, novas regras de isolamento r\u00edgido em Fortaleza durante duas semanas, entre os dias 5 e 18 de mar\u00e7o. S\u00f3 poder\u00e3o funcionar servi\u00e7os considerados essenciais. Somente nesta quarta-feira, 84 mortes foram registrados no Cear\u00e1 por causa da Covid-19.&nbsp; As prefeituras de munic\u00edpios do interior do Cear\u00e1 tamb\u00e9m est\u00e3o recebendo a recomenda\u00e7\u00e3o de fazer o isolamento r\u00edgido, principalmente nas&hellip;<\/p>\n","protected":false},"author":1,"featured_media":20345,"comment_status":"open","ping_status":"open","sticky":false,"template":"","format":"standard","meta":{"footnotes":""},"categories":[1],"tags":[],"class_list":["post-20344","post","type-post","status-publish","format-standard","has-post-thumbnail","hentry","category-noticias"],"_links":{"self":[{"href":"https:\/\/blogdorogeriogomes.com.br\/noticias\/wp-json\/wp\/v2\/posts\/20344","targetHints":{"allow":["GET"]}}],"collection":[{"href":"https:\/\/blogdorogeriogomes.com.br\/noticias\/wp-json\/wp\/v2\/posts"}],"about":[{"href":"https:\/\/blogdorogeriogomes.com.br\/noticias\/wp-json\/wp\/v2\/types\/post"}],"author":[{"embeddable":true,"href":"https:\/\/blogdorogeriogomes.com.br\/noticias\/wp-json\/wp\/v2\/users\/1"}],"replies":[{"embeddable":true,"href":"https:\/\/blogdorogeriogomes.com.br\/noticias\/wp-json\/wp\/v2\/comments?post=20344"}],"version-history":[{"count":2,"href":"https:\/\/blogdorogeriogomes.com.br\/noticias\/wp-json\/wp\/v2\/posts\/20344\/revisions"}],"predecessor-version":[{"id":20350,"href":"https:\/\/blogdorogeriogomes.com.br\/noticias\/wp-json\/wp\/v2\/posts\/20344\/revisions\/20350"}],"wp:featuredmedia":[{"embeddable":true,"href":"https:\/\/blogdorogeriogomes.com.br\/noticias\/wp-json\/wp\/v2\/media\/20345"}],"wp:attachment":[{"href":"https:\/\/blogdorogeriogomes.com.br\/noticias\/wp-json\/wp\/v2\/media?parent=20344"}],"wp:term":[{"taxonomy":"category","embeddable":true,"href":"https:\/\/blogdorogeriogomes.com.br\/noticias\/wp-json\/wp\/v2\/categories?post=20344"},{"taxonomy":"post_tag","embeddable":true,"href":"https:\/\/blogdorogeriogomes.com.br\/noticias\/wp-json\/wp\/v2\/tags?post=20344"}],"curies":[{"name":"wp","href":"https:\/\/api.w.org\/{rel}","templated":true}]}}