{"id":20358,"date":"2021-03-04T22:40:09","date_gmt":"2021-03-04T22:40:09","guid":{"rendered":"https:\/\/blogdorogeriogomes.com.br\/?p=20358"},"modified":"2021-03-05T15:13:28","modified_gmt":"2021-03-05T15:13:28","slug":"fortaleza-tera-blitze-e-monitoramento-com-imagens-durante-o-lockdown-mais-10-municipios-do-interior-ja-aderiram-ao-isolamento-rigido","status":"publish","type":"post","link":"https:\/\/blogdorogeriogomes.com.br\/noticias\/2021\/03\/fortaleza-tera-blitze-e-monitoramento-com-imagens-durante-o-lockdown-mais-10-municipios-do-interior-ja-aderiram-ao-isolamento-rigido\/","title":{"rendered":"Fortaleza ter\u00e1 blitze e monitoramento com imagens durante o lockdown. Mais 10 munic\u00edpios do interior j\u00e1 aderiram ao isolamento r\u00edgido"},"content":{"rendered":"\n<p>Com o novo decreto estadual publicado nesta quinta-feira, dia 4 de mar\u00e7o, Fortaleza entrar\u00e1 em lockdown no per\u00edodo de 5 a 18 de mar\u00e7o em decorr\u00eancia do aumento dos casos de Covid-19 em todo o pa\u00eds. A Prefeitura de Fortaleza, em parceria com o Governo do Cear\u00e1, preparou um plano r\u00edgido de fiscaliza\u00e7\u00e3o que ir\u00e1 dispor de blitze educativas e monitoramento por meio de c\u00e2meras em pontos da Capital. As a\u00e7\u00f5es come\u00e7am a partir desta sexta-feira, dia 5.<\/p>\n\n\n\n<p>A Ag\u00eancia de Fiscaliza\u00e7\u00e3o de Fortaleza (Agefis) e a Guarda Municipal atuar\u00e3o por toda a Capital, assim como efetivos da Pol\u00edcia Militar, Pol\u00edcia Civil e Autarquia Municipal de Tr\u00e2nsito e Cidadania (AMC).<\/p>\n\n\n\n<p>Segundo o secret\u00e1rio municipal de Seguran\u00e7a Cidad\u00e3, Eduardo de Holanda, as pessoas que estiverem nas ruas receber\u00e3o abordagem educativa. &#8220;O cidad\u00e3o ter\u00e1 que justificar o porqu\u00ea do deslocamento. Se ele n\u00e3o tiver garantido por trabalhar em qualquer dos servi\u00e7os essenciais ou se for uma quest\u00e3o de sa\u00fade, ele vai ser orientado a retornar&#8221;. As barreiras, que antes funcionavam apenas os limites do munic\u00edpio, agora ser\u00e3o impostas pelos bairros de Fortaleza.<\/p>\n\n\n\n<figure class=\"wp-block-image size-large\"><img loading=\"lazy\" decoding=\"async\" width=\"678\" height=\"452\" src=\"https:\/\/blogdorogeriogomes.com.br\/wp-content\/uploads\/2021\/03\/images-57.jpeg\" alt=\"\" class=\"wp-image-20359\" srcset=\"https:\/\/blogdorogeriogomes.com.br\/noticias\/wp-content\/uploads\/2021\/03\/images-57.jpeg 678w, https:\/\/blogdorogeriogomes.com.br\/noticias\/wp-content\/uploads\/2021\/03\/images-57-300x200.jpeg 300w\" sizes=\"auto, (max-width: 678px) 100vw, 678px\" \/><\/figure>\n\n\n\n<p>Al\u00e9m de Fortaleza, outros 10 munic\u00edpios cearenses seguir\u00e3o o lockdown a partir desta sexta-feira ap\u00f3s decis\u00e3o coletiva: Quixad\u00e1, Quixeramobim, Banabui\u00fa, Pedra Branca, Ibicuitinga, Chor\u00f3, Ibaretama, Milh\u00e3, Solon\u00f3pole e Senador Pompeu.<\/p>\n","protected":false},"excerpt":{"rendered":"<p>Com o novo decreto estadual publicado nesta quinta-feira, dia 4 de mar\u00e7o, Fortaleza entrar\u00e1 em lockdown no per\u00edodo de 5 a 18 de mar\u00e7o em decorr\u00eancia do aumento dos casos de Covid-19 em todo o pa\u00eds. A Prefeitura de Fortaleza, em parceria com o Governo do Cear\u00e1, preparou um plano r\u00edgido de fiscaliza\u00e7\u00e3o que ir\u00e1 dispor de blitze educativas e monitoramento por meio de c\u00e2meras em pontos da Capital. As a\u00e7\u00f5es come\u00e7am a partir desta sexta-feira, dia 5. A&hellip;<\/p>\n","protected":false},"author":1,"featured_media":20359,"comment_status":"open","ping_status":"open","sticky":false,"template":"","format":"standard","meta":{"footnotes":""},"categories":[1],"tags":[],"class_list":["post-20358","post","type-post","status-publish","format-standard","has-post-thumbnail","hentry","category-noticias"],"_links":{"self":[{"href":"https:\/\/blogdorogeriogomes.com.br\/noticias\/wp-json\/wp\/v2\/posts\/20358","targetHints":{"allow":["GET"]}}],"collection":[{"href":"https:\/\/blogdorogeriogomes.com.br\/noticias\/wp-json\/wp\/v2\/posts"}],"about":[{"href":"https:\/\/blogdorogeriogomes.com.br\/noticias\/wp-json\/wp\/v2\/types\/post"}],"author":[{"embeddable":true,"href":"https:\/\/blogdorogeriogomes.com.br\/noticias\/wp-json\/wp\/v2\/users\/1"}],"replies":[{"embeddable":true,"href":"https:\/\/blogdorogeriogomes.com.br\/noticias\/wp-json\/wp\/v2\/comments?post=20358"}],"version-history":[{"count":1,"href":"https:\/\/blogdorogeriogomes.com.br\/noticias\/wp-json\/wp\/v2\/posts\/20358\/revisions"}],"predecessor-version":[{"id":20360,"href":"https:\/\/blogdorogeriogomes.com.br\/noticias\/wp-json\/wp\/v2\/posts\/20358\/revisions\/20360"}],"wp:featuredmedia":[{"embeddable":true,"href":"https:\/\/blogdorogeriogomes.com.br\/noticias\/wp-json\/wp\/v2\/media\/20359"}],"wp:attachment":[{"href":"https:\/\/blogdorogeriogomes.com.br\/noticias\/wp-json\/wp\/v2\/media?parent=20358"}],"wp:term":[{"taxonomy":"category","embeddable":true,"href":"https:\/\/blogdorogeriogomes.com.br\/noticias\/wp-json\/wp\/v2\/categories?post=20358"},{"taxonomy":"post_tag","embeddable":true,"href":"https:\/\/blogdorogeriogomes.com.br\/noticias\/wp-json\/wp\/v2\/tags?post=20358"}],"curies":[{"name":"wp","href":"https:\/\/api.w.org\/{rel}","templated":true}]}}