{"id":20364,"date":"2021-03-05T11:54:10","date_gmt":"2021-03-05T11:54:10","guid":{"rendered":"https:\/\/blogdorogeriogomes.com.br\/?p=20364"},"modified":"2021-03-05T15:12:07","modified_gmt":"2021-03-05T15:12:07","slug":"governo-do-ceara-anuncia-medidas-de-apoio-aos-setores-de-restaurantes-e-bares","status":"publish","type":"post","link":"https:\/\/blogdorogeriogomes.com.br\/noticias\/2021\/03\/governo-do-ceara-anuncia-medidas-de-apoio-aos-setores-de-restaurantes-e-bares\/","title":{"rendered":"Governo do Cear\u00e1 anuncia medidas de apoio aos setores de restaurantes e bares"},"content":{"rendered":"\n<p>Depois de anunciar incentivos financeiros para o setor de eventos, o Governo do Cear\u00e1 confirma medidas de apoio a restaurantes, bares e demais estabelecimentos de alimenta\u00e7\u00e3o fora do lar, que foram diretamente atingidos pelas a\u00e7\u00f5es restritivas de circula\u00e7\u00e3o por causa do combate \u00e0 Covid-19.<\/p>\n\n\n\n<p>As medidas, anunciadas pelo governador Camilo Santana, envolvem as isen\u00e7\u00f5es de pagamentos de contas de \u00e1gua, IPVA e o pagamento de um aux\u00edlio financeiro emergencial para desempregados do ramo. O setor estima que o Estado tenha de 5 a 10 mil profissionais desempregados por causa da pandemia.<\/p>\n\n\n\n<p>Todas as medidas v\u00e3o ser encaminhadas para aprova\u00e7\u00e3o na Assembleia Legislativa do Cear\u00e1. O governador Camilo Santana reconheceu as demandas do setor de bares e restaurantes e anunciou as medidas que v\u00e3o beneficiar os empres\u00e1rios e os trabalhadores.<\/p>\n\n\n\n<figure class=\"wp-block-image size-large\"><img loading=\"lazy\" decoding=\"async\" width=\"640\" height=\"480\" src=\"https:\/\/blogdorogeriogomes.com.br\/wp-content\/uploads\/2021\/03\/images-58.jpeg\" alt=\"\" class=\"wp-image-20365\" srcset=\"https:\/\/blogdorogeriogomes.com.br\/noticias\/wp-content\/uploads\/2021\/03\/images-58.jpeg 640w, https:\/\/blogdorogeriogomes.com.br\/noticias\/wp-content\/uploads\/2021\/03\/images-58-300x225.jpeg 300w, https:\/\/blogdorogeriogomes.com.br\/noticias\/wp-content\/uploads\/2021\/03\/images-58-400x300.jpeg 400w\" sizes=\"auto, (max-width: 640px) 100vw, 640px\" \/><\/figure>\n","protected":false},"excerpt":{"rendered":"<p>Depois de anunciar incentivos financeiros para o setor de eventos, o Governo do Cear\u00e1 confirma medidas de apoio a restaurantes, bares e demais estabelecimentos de alimenta\u00e7\u00e3o fora do lar, que foram diretamente atingidos pelas a\u00e7\u00f5es restritivas de circula\u00e7\u00e3o por causa do combate \u00e0 Covid-19. As medidas, anunciadas pelo governador Camilo Santana, envolvem as isen\u00e7\u00f5es de pagamentos de contas de \u00e1gua, IPVA e o pagamento de um aux\u00edlio financeiro emergencial para desempregados do ramo. O setor estima que o Estado&hellip;<\/p>\n","protected":false},"author":1,"featured_media":20365,"comment_status":"open","ping_status":"open","sticky":false,"template":"","format":"standard","meta":{"footnotes":""},"categories":[1],"tags":[],"class_list":["post-20364","post","type-post","status-publish","format-standard","has-post-thumbnail","hentry","category-noticias"],"_links":{"self":[{"href":"https:\/\/blogdorogeriogomes.com.br\/noticias\/wp-json\/wp\/v2\/posts\/20364","targetHints":{"allow":["GET"]}}],"collection":[{"href":"https:\/\/blogdorogeriogomes.com.br\/noticias\/wp-json\/wp\/v2\/posts"}],"about":[{"href":"https:\/\/blogdorogeriogomes.com.br\/noticias\/wp-json\/wp\/v2\/types\/post"}],"author":[{"embeddable":true,"href":"https:\/\/blogdorogeriogomes.com.br\/noticias\/wp-json\/wp\/v2\/users\/1"}],"replies":[{"embeddable":true,"href":"https:\/\/blogdorogeriogomes.com.br\/noticias\/wp-json\/wp\/v2\/comments?post=20364"}],"version-history":[{"count":1,"href":"https:\/\/blogdorogeriogomes.com.br\/noticias\/wp-json\/wp\/v2\/posts\/20364\/revisions"}],"predecessor-version":[{"id":20366,"href":"https:\/\/blogdorogeriogomes.com.br\/noticias\/wp-json\/wp\/v2\/posts\/20364\/revisions\/20366"}],"wp:featuredmedia":[{"embeddable":true,"href":"https:\/\/blogdorogeriogomes.com.br\/noticias\/wp-json\/wp\/v2\/media\/20365"}],"wp:attachment":[{"href":"https:\/\/blogdorogeriogomes.com.br\/noticias\/wp-json\/wp\/v2\/media?parent=20364"}],"wp:term":[{"taxonomy":"category","embeddable":true,"href":"https:\/\/blogdorogeriogomes.com.br\/noticias\/wp-json\/wp\/v2\/categories?post=20364"},{"taxonomy":"post_tag","embeddable":true,"href":"https:\/\/blogdorogeriogomes.com.br\/noticias\/wp-json\/wp\/v2\/tags?post=20364"}],"curies":[{"name":"wp","href":"https:\/\/api.w.org\/{rel}","templated":true}]}}