{"id":20375,"date":"2021-03-08T16:05:17","date_gmt":"2021-03-08T16:05:17","guid":{"rendered":"https:\/\/blogdorogeriogomes.com.br\/?p=20375"},"modified":"2021-03-08T17:01:19","modified_gmt":"2021-03-08T17:01:19","slug":"camara-dos-deputados-e-senado-federal-devem-acelerar-votacao-do-auxilio-emergencial-em-meio-a-contaminacao-de-varios-parlamentares","status":"publish","type":"post","link":"https:\/\/blogdorogeriogomes.com.br\/noticias\/2021\/03\/camara-dos-deputados-e-senado-federal-devem-acelerar-votacao-do-auxilio-emergencial-em-meio-a-contaminacao-de-varios-parlamentares\/","title":{"rendered":"C\u00e2mara dos Deputados e Senado Federal devem acelerar vota\u00e7\u00e3o do aux\u00edlio emergencial em meio a contamina\u00e7\u00e3o de v\u00e1rios parlamentares"},"content":{"rendered":"\n<p>A C\u00e2mara dos Deputados e o Senado Federal devem acelerar a vota\u00e7\u00e3o do aux\u00edlio emergencial na pr\u00f3xima semana. Enquanto a oposi\u00e7\u00e3o defende uma proposta de R$ 600 a ser paga de mar\u00e7o at\u00e9 dezembro, a bancada governista chancela a ideia da equipe econ\u00f4mica do Governo Bolsonaro de pagar quatro parcelas de R$ 250.<br>Em meio ao agravamento da pandemia, C\u00e2mara e Senado tamb\u00e9m enfrentam os efeitos da Covid-19. Na C\u00e2mara, at\u00e9 o momento, vigora a decis\u00e3o de manter o sistema h\u00edbrido de vota\u00e7\u00f5es, que permite a presen\u00e7a f\u00edsica de deputados em plen\u00e1rio. No Senado, a Casa voltar\u00e1 ao regime exclusivamente virtual na pr\u00f3xima semana.<br>Tr\u00eas senadores foram diagnosticados esta semana com a Covid-19. Na C\u00e2mara dos Deputados, o n\u00famero de parlamentares e funcion\u00e1rios diagnosticados com o coronav\u00edrus quase dobrou: passou de 58 em janeiro para 105 em fevereiro.<\/p>\n\n\n\n<figure class=\"wp-block-image size-large\"><img loading=\"lazy\" decoding=\"async\" width=\"731\" height=\"419\" src=\"https:\/\/blogdorogeriogomes.com.br\/wp-content\/uploads\/2021\/03\/images-62.jpeg\" alt=\"\" class=\"wp-image-20376\" srcset=\"https:\/\/blogdorogeriogomes.com.br\/noticias\/wp-content\/uploads\/2021\/03\/images-62.jpeg 731w, https:\/\/blogdorogeriogomes.com.br\/noticias\/wp-content\/uploads\/2021\/03\/images-62-300x172.jpeg 300w\" sizes=\"auto, (max-width: 731px) 100vw, 731px\" \/><\/figure>\n","protected":false},"excerpt":{"rendered":"<p>A C\u00e2mara dos Deputados e o Senado Federal devem acelerar a vota\u00e7\u00e3o do aux\u00edlio emergencial na pr\u00f3xima semana. Enquanto a oposi\u00e7\u00e3o defende uma proposta de R$ 600 a ser paga de mar\u00e7o at\u00e9 dezembro, a bancada governista chancela a ideia da equipe econ\u00f4mica do Governo Bolsonaro de pagar quatro parcelas de R$ 250.Em meio ao agravamento da pandemia, C\u00e2mara e Senado tamb\u00e9m enfrentam os efeitos da Covid-19. Na C\u00e2mara, at\u00e9 o momento, vigora a decis\u00e3o de manter o sistema&hellip;<\/p>\n","protected":false},"author":1,"featured_media":20376,"comment_status":"open","ping_status":"open","sticky":false,"template":"","format":"standard","meta":{"footnotes":""},"categories":[1],"tags":[],"class_list":["post-20375","post","type-post","status-publish","format-standard","has-post-thumbnail","hentry","category-noticias"],"_links":{"self":[{"href":"https:\/\/blogdorogeriogomes.com.br\/noticias\/wp-json\/wp\/v2\/posts\/20375","targetHints":{"allow":["GET"]}}],"collection":[{"href":"https:\/\/blogdorogeriogomes.com.br\/noticias\/wp-json\/wp\/v2\/posts"}],"about":[{"href":"https:\/\/blogdorogeriogomes.com.br\/noticias\/wp-json\/wp\/v2\/types\/post"}],"author":[{"embeddable":true,"href":"https:\/\/blogdorogeriogomes.com.br\/noticias\/wp-json\/wp\/v2\/users\/1"}],"replies":[{"embeddable":true,"href":"https:\/\/blogdorogeriogomes.com.br\/noticias\/wp-json\/wp\/v2\/comments?post=20375"}],"version-history":[{"count":1,"href":"https:\/\/blogdorogeriogomes.com.br\/noticias\/wp-json\/wp\/v2\/posts\/20375\/revisions"}],"predecessor-version":[{"id":20377,"href":"https:\/\/blogdorogeriogomes.com.br\/noticias\/wp-json\/wp\/v2\/posts\/20375\/revisions\/20377"}],"wp:featuredmedia":[{"embeddable":true,"href":"https:\/\/blogdorogeriogomes.com.br\/noticias\/wp-json\/wp\/v2\/media\/20376"}],"wp:attachment":[{"href":"https:\/\/blogdorogeriogomes.com.br\/noticias\/wp-json\/wp\/v2\/media?parent=20375"}],"wp:term":[{"taxonomy":"category","embeddable":true,"href":"https:\/\/blogdorogeriogomes.com.br\/noticias\/wp-json\/wp\/v2\/categories?post=20375"},{"taxonomy":"post_tag","embeddable":true,"href":"https:\/\/blogdorogeriogomes.com.br\/noticias\/wp-json\/wp\/v2\/tags?post=20375"}],"curies":[{"name":"wp","href":"https:\/\/api.w.org\/{rel}","templated":true}]}}