{"id":20381,"date":"2021-03-08T16:10:55","date_gmt":"2021-03-08T16:10:55","guid":{"rendered":"https:\/\/blogdorogeriogomes.com.br\/?p=20381"},"modified":"2021-03-08T17:00:34","modified_gmt":"2021-03-08T17:00:34","slug":"ministerio-publico-se-reune-com-prefeituras-cearenses-para-discutir-sobre-aumento-na-demanda-por-oxigenio-sesa-garante-abastecimento","status":"publish","type":"post","link":"https:\/\/blogdorogeriogomes.com.br\/noticias\/2021\/03\/ministerio-publico-se-reune-com-prefeituras-cearenses-para-discutir-sobre-aumento-na-demanda-por-oxigenio-sesa-garante-abastecimento\/","title":{"rendered":"Minist\u00e9rio P\u00fablico se re\u00fane com prefeituras cearenses para discutir sobre aumento na demanda por oxig\u00eanio. Sesa garante abastecimento"},"content":{"rendered":"\n<p>O Minist\u00e9rio P\u00fablico do Cear\u00e1 far\u00e1 reuni\u00e3o, nesta segunda-feira, dia 8 de mar\u00e7o, com prefeituras do interior, representantes da Procuradoria Geral de Justi\u00e7a e de empresas fornecedoras de oxig\u00eanio sobre o aumento na demanda no fornecimento do insumo.&nbsp;O crescimento de pessoas internadas com a Covid-19 em todo o Estado tem gerado a necessidade de mais oxig\u00eanio nas unidades hospitalares. Segundo o Minist\u00e9rio P\u00fablico, h\u00e1 pelo menos 34 cidades do interior que j\u00e1 temem problemas de desabastecimento.<br>A Secretaria de Sa\u00fade do Cear\u00e1 (Sesa) emitiu nota onde diz estar garantido o fornecimento de oxig\u00eanio para todas as unidades da Rede Sesa, quer seja na Regi\u00e3o de Fortaleza ou nas outras quatro Regi\u00f5es de Sa\u00fade do Cear\u00e1. A Sesa afirma que foi estabelecido um planejamento de suprimento de oxig\u00eanio hospitalar e emitido comunicado oficial para as empresas fornecedoras do insumos.<\/p>\n\n\n\n<figure class=\"wp-block-image size-large\"><img loading=\"lazy\" decoding=\"async\" width=\"705\" height=\"435\" src=\"https:\/\/blogdorogeriogomes.com.br\/wp-content\/uploads\/2021\/03\/images-64.jpeg\" alt=\"\" class=\"wp-image-20382\" srcset=\"https:\/\/blogdorogeriogomes.com.br\/noticias\/wp-content\/uploads\/2021\/03\/images-64.jpeg 705w, https:\/\/blogdorogeriogomes.com.br\/noticias\/wp-content\/uploads\/2021\/03\/images-64-300x185.jpeg 300w\" sizes=\"auto, (max-width: 705px) 100vw, 705px\" \/><\/figure>\n","protected":false},"excerpt":{"rendered":"<p>O Minist\u00e9rio P\u00fablico do Cear\u00e1 far\u00e1 reuni\u00e3o, nesta segunda-feira, dia 8 de mar\u00e7o, com prefeituras do interior, representantes da Procuradoria Geral de Justi\u00e7a e de empresas fornecedoras de oxig\u00eanio sobre o aumento na demanda no fornecimento do insumo.&nbsp;O crescimento de pessoas internadas com a Covid-19 em todo o Estado tem gerado a necessidade de mais oxig\u00eanio nas unidades hospitalares. Segundo o Minist\u00e9rio P\u00fablico, h\u00e1 pelo menos 34 cidades do interior que j\u00e1 temem problemas de desabastecimento.A Secretaria de Sa\u00fade&hellip;<\/p>\n","protected":false},"author":1,"featured_media":20382,"comment_status":"open","ping_status":"open","sticky":false,"template":"","format":"standard","meta":{"footnotes":""},"categories":[1],"tags":[],"class_list":["post-20381","post","type-post","status-publish","format-standard","has-post-thumbnail","hentry","category-noticias"],"_links":{"self":[{"href":"https:\/\/blogdorogeriogomes.com.br\/noticias\/wp-json\/wp\/v2\/posts\/20381","targetHints":{"allow":["GET"]}}],"collection":[{"href":"https:\/\/blogdorogeriogomes.com.br\/noticias\/wp-json\/wp\/v2\/posts"}],"about":[{"href":"https:\/\/blogdorogeriogomes.com.br\/noticias\/wp-json\/wp\/v2\/types\/post"}],"author":[{"embeddable":true,"href":"https:\/\/blogdorogeriogomes.com.br\/noticias\/wp-json\/wp\/v2\/users\/1"}],"replies":[{"embeddable":true,"href":"https:\/\/blogdorogeriogomes.com.br\/noticias\/wp-json\/wp\/v2\/comments?post=20381"}],"version-history":[{"count":2,"href":"https:\/\/blogdorogeriogomes.com.br\/noticias\/wp-json\/wp\/v2\/posts\/20381\/revisions"}],"predecessor-version":[{"id":20387,"href":"https:\/\/blogdorogeriogomes.com.br\/noticias\/wp-json\/wp\/v2\/posts\/20381\/revisions\/20387"}],"wp:featuredmedia":[{"embeddable":true,"href":"https:\/\/blogdorogeriogomes.com.br\/noticias\/wp-json\/wp\/v2\/media\/20382"}],"wp:attachment":[{"href":"https:\/\/blogdorogeriogomes.com.br\/noticias\/wp-json\/wp\/v2\/media?parent=20381"}],"wp:term":[{"taxonomy":"category","embeddable":true,"href":"https:\/\/blogdorogeriogomes.com.br\/noticias\/wp-json\/wp\/v2\/categories?post=20381"},{"taxonomy":"post_tag","embeddable":true,"href":"https:\/\/blogdorogeriogomes.com.br\/noticias\/wp-json\/wp\/v2\/tags?post=20381"}],"curies":[{"name":"wp","href":"https:\/\/api.w.org\/{rel}","templated":true}]}}