{"id":20384,"date":"2021-03-08T16:13:25","date_gmt":"2021-03-08T16:13:25","guid":{"rendered":"https:\/\/blogdorogeriogomes.com.br\/?p=20384"},"modified":"2021-03-08T17:00:23","modified_gmt":"2021-03-08T17:00:23","slug":"governadores-vao-propor-um-pacto-nacional-para-enfrentar-a-covid-19-em-nova-reuniao-com-pazuello","status":"publish","type":"post","link":"https:\/\/blogdorogeriogomes.com.br\/noticias\/2021\/03\/governadores-vao-propor-um-pacto-nacional-para-enfrentar-a-covid-19-em-nova-reuniao-com-pazuello\/","title":{"rendered":"Governadores v\u00e3o propor um pacto nacional para enfrentar a Covid-19 em nova reuni\u00e3o com Pazuello"},"content":{"rendered":"\n<p>No momento em que o Brasil supera 265 mil mortos pela Covid-19, os governadores decidiram articular um pacto nacional com medidas restritivas e preventivas que ajudem a atenuar o pico da pandemia. Nesta segunda-feira, dia 8 de mar\u00e7o, os governadores t\u00eam uma nova reuni\u00e3o com o ministro da Sa\u00fade, Eduardo Pazuello. O pacto proposto pelos chefes do Executivo estaduais busca uma a\u00e7\u00e3o coordenada para enfrentar o colapso das redes hospitalares e vai de encontro ao que pensa o presidente Jair Bolsonaro, defensor que a popula\u00e7\u00e3o volte \u00e0s ruas e ponha fim ao isolamento social.<br>A reuni\u00e3o dos governadores com Pazuello ser\u00e1 no Rio de Janeiro e ter\u00e1 a participa\u00e7\u00e3o tamb\u00e9m de representantes da Fiocruz para discutir as estrat\u00e9gias de enfrentamento ao v\u00edrus e a necessidade de maior agilidade na vacina\u00e7\u00e3o. O Brasil aplicou doses em apenas 3,88% da popula\u00e7\u00e3o at\u00e9 o momento. Sem uma vacina\u00e7\u00e3o em massa, tem restado aos governadores e prefeitos adotarem medidas de isolamento r\u00edgido para evitar o aumento da contamina\u00e7\u00e3o.<\/p>\n\n\n\n<figure class=\"wp-block-image size-large\"><img loading=\"lazy\" decoding=\"async\" width=\"640\" height=\"480\" src=\"https:\/\/blogdorogeriogomes.com.br\/wp-content\/uploads\/2021\/03\/images-65.jpeg\" alt=\"\" class=\"wp-image-20385\" srcset=\"https:\/\/blogdorogeriogomes.com.br\/noticias\/wp-content\/uploads\/2021\/03\/images-65.jpeg 640w, https:\/\/blogdorogeriogomes.com.br\/noticias\/wp-content\/uploads\/2021\/03\/images-65-300x225.jpeg 300w, https:\/\/blogdorogeriogomes.com.br\/noticias\/wp-content\/uploads\/2021\/03\/images-65-400x300.jpeg 400w\" sizes=\"auto, (max-width: 640px) 100vw, 640px\" \/><\/figure>\n","protected":false},"excerpt":{"rendered":"<p>No momento em que o Brasil supera 265 mil mortos pela Covid-19, os governadores decidiram articular um pacto nacional com medidas restritivas e preventivas que ajudem a atenuar o pico da pandemia. Nesta segunda-feira, dia 8 de mar\u00e7o, os governadores t\u00eam uma nova reuni\u00e3o com o ministro da Sa\u00fade, Eduardo Pazuello. O pacto proposto pelos chefes do Executivo estaduais busca uma a\u00e7\u00e3o coordenada para enfrentar o colapso das redes hospitalares e vai de encontro ao que pensa o presidente&hellip;<\/p>\n","protected":false},"author":1,"featured_media":20385,"comment_status":"open","ping_status":"open","sticky":false,"template":"","format":"standard","meta":{"footnotes":""},"categories":[1],"tags":[],"class_list":["post-20384","post","type-post","status-publish","format-standard","has-post-thumbnail","hentry","category-noticias"],"_links":{"self":[{"href":"https:\/\/blogdorogeriogomes.com.br\/noticias\/wp-json\/wp\/v2\/posts\/20384","targetHints":{"allow":["GET"]}}],"collection":[{"href":"https:\/\/blogdorogeriogomes.com.br\/noticias\/wp-json\/wp\/v2\/posts"}],"about":[{"href":"https:\/\/blogdorogeriogomes.com.br\/noticias\/wp-json\/wp\/v2\/types\/post"}],"author":[{"embeddable":true,"href":"https:\/\/blogdorogeriogomes.com.br\/noticias\/wp-json\/wp\/v2\/users\/1"}],"replies":[{"embeddable":true,"href":"https:\/\/blogdorogeriogomes.com.br\/noticias\/wp-json\/wp\/v2\/comments?post=20384"}],"version-history":[{"count":1,"href":"https:\/\/blogdorogeriogomes.com.br\/noticias\/wp-json\/wp\/v2\/posts\/20384\/revisions"}],"predecessor-version":[{"id":20386,"href":"https:\/\/blogdorogeriogomes.com.br\/noticias\/wp-json\/wp\/v2\/posts\/20384\/revisions\/20386"}],"wp:featuredmedia":[{"embeddable":true,"href":"https:\/\/blogdorogeriogomes.com.br\/noticias\/wp-json\/wp\/v2\/media\/20385"}],"wp:attachment":[{"href":"https:\/\/blogdorogeriogomes.com.br\/noticias\/wp-json\/wp\/v2\/media?parent=20384"}],"wp:term":[{"taxonomy":"category","embeddable":true,"href":"https:\/\/blogdorogeriogomes.com.br\/noticias\/wp-json\/wp\/v2\/categories?post=20384"},{"taxonomy":"post_tag","embeddable":true,"href":"https:\/\/blogdorogeriogomes.com.br\/noticias\/wp-json\/wp\/v2\/tags?post=20384"}],"curies":[{"name":"wp","href":"https:\/\/api.w.org\/{rel}","templated":true}]}}