{"id":20392,"date":"2021-03-08T20:11:24","date_gmt":"2021-03-08T20:11:24","guid":{"rendered":"https:\/\/blogdorogeriogomes.com.br\/?p=20392"},"modified":"2021-03-10T15:28:10","modified_gmt":"2021-03-10T15:28:10","slug":"decisao-do-ministro-edson-fachin-torna-lula-elegivel-e-coloca-ex-presidente-de-volta-ao-jogo-politico","status":"publish","type":"post","link":"https:\/\/blogdorogeriogomes.com.br\/noticias\/2021\/03\/decisao-do-ministro-edson-fachin-torna-lula-elegivel-e-coloca-ex-presidente-de-volta-ao-jogo-politico\/","title":{"rendered":"Decis\u00e3o do ministro Edson Fachin torna Lula eleg\u00edvel e coloca ex-presidente de volta ao jogo pol\u00edtico"},"content":{"rendered":"\n<p>A tarde desta segunda-feira, dia 8 de mar\u00e7o, marca o retorno do ex-presidente Lula, do PT, ao tabuleiro pol\u00edtico nacional. Uma decis\u00e3o do ministro Edson Fachin, do Supremo Tribunal Federal (STF), anulou todas as condena\u00e7\u00f5es de Lula pela Justi\u00e7a Federal do Paran\u00e1 no \u00e2mbito da Opera\u00e7\u00e3o Lava Jato. Com a decis\u00e3o, que ainda ser\u00e1 avaliada pelo plen\u00e1rio do STF, Lula recupera seus direitos pol\u00edticos e pode se candidatar a presidente em 2022.<\/p>\n\n\n\n<p>A decis\u00e3o de Fachin anula as senten\u00e7as do triplex do Guaruj\u00e1 e do s\u00edtio de Atibaia, al\u00e9m de uma den\u00fancia do terreno da Odebrecht para Instituto Lula contra o ex-presidente.<\/p>\n\n\n\n<p>A possibilidade de Lula poder ser candidato \u00e0 Presid\u00eancia da Rep\u00fablica em 2022 incendeia o cen\u00e1rio pol\u00edtico, diante da crescente rejei\u00e7\u00e3o ao atual governo do presidente Jair Bolsonaro.<\/p>\n\n\n\n<p>Outra fato \u00e9 que a decis\u00e3o de Fachin exp\u00f5e ainda mais a parcialidade no tratamento de Lula pelo ex-juiz Sergio Moro. S\u00f3 para citar, o atual presidente da C\u00e2mara dos Deputados, Arthur Lira, disse no Twitter: &#8220;Minha maior d\u00favida \u00e9 se a decis\u00e3o monocr\u00e1tica foi para absolver Lula ou Moro. Lula pode at\u00e9 merecer absolvi\u00e7\u00e3o. Moro, jamais&#8221;, escreveu.<\/p>\n\n\n\n<figure class=\"wp-block-image size-large\"><img loading=\"lazy\" decoding=\"async\" width=\"678\" height=\"452\" src=\"https:\/\/blogdorogeriogomes.com.br\/wp-content\/uploads\/2021\/03\/images-67.jpeg\" alt=\"\" class=\"wp-image-20393\" srcset=\"https:\/\/blogdorogeriogomes.com.br\/noticias\/wp-content\/uploads\/2021\/03\/images-67.jpeg 678w, https:\/\/blogdorogeriogomes.com.br\/noticias\/wp-content\/uploads\/2021\/03\/images-67-300x200.jpeg 300w\" sizes=\"auto, (max-width: 678px) 100vw, 678px\" \/><\/figure>\n\n\n\n<p><\/p>\n","protected":false},"excerpt":{"rendered":"<p>A tarde desta segunda-feira, dia 8 de mar\u00e7o, marca o retorno do ex-presidente Lula, do PT, ao tabuleiro pol\u00edtico nacional. Uma decis\u00e3o do ministro Edson Fachin, do Supremo Tribunal Federal (STF), anulou todas as condena\u00e7\u00f5es de Lula pela Justi\u00e7a Federal do Paran\u00e1 no \u00e2mbito da Opera\u00e7\u00e3o Lava Jato. Com a decis\u00e3o, que ainda ser\u00e1 avaliada pelo plen\u00e1rio do STF, Lula recupera seus direitos pol\u00edticos e pode se candidatar a presidente em 2022. A decis\u00e3o de Fachin anula as senten\u00e7as&hellip;<\/p>\n","protected":false},"author":1,"featured_media":20393,"comment_status":"open","ping_status":"open","sticky":false,"template":"","format":"standard","meta":{"footnotes":""},"categories":[1],"tags":[],"class_list":["post-20392","post","type-post","status-publish","format-standard","has-post-thumbnail","hentry","category-noticias"],"_links":{"self":[{"href":"https:\/\/blogdorogeriogomes.com.br\/noticias\/wp-json\/wp\/v2\/posts\/20392","targetHints":{"allow":["GET"]}}],"collection":[{"href":"https:\/\/blogdorogeriogomes.com.br\/noticias\/wp-json\/wp\/v2\/posts"}],"about":[{"href":"https:\/\/blogdorogeriogomes.com.br\/noticias\/wp-json\/wp\/v2\/types\/post"}],"author":[{"embeddable":true,"href":"https:\/\/blogdorogeriogomes.com.br\/noticias\/wp-json\/wp\/v2\/users\/1"}],"replies":[{"embeddable":true,"href":"https:\/\/blogdorogeriogomes.com.br\/noticias\/wp-json\/wp\/v2\/comments?post=20392"}],"version-history":[{"count":1,"href":"https:\/\/blogdorogeriogomes.com.br\/noticias\/wp-json\/wp\/v2\/posts\/20392\/revisions"}],"predecessor-version":[{"id":20394,"href":"https:\/\/blogdorogeriogomes.com.br\/noticias\/wp-json\/wp\/v2\/posts\/20392\/revisions\/20394"}],"wp:featuredmedia":[{"embeddable":true,"href":"https:\/\/blogdorogeriogomes.com.br\/noticias\/wp-json\/wp\/v2\/media\/20393"}],"wp:attachment":[{"href":"https:\/\/blogdorogeriogomes.com.br\/noticias\/wp-json\/wp\/v2\/media?parent=20392"}],"wp:term":[{"taxonomy":"category","embeddable":true,"href":"https:\/\/blogdorogeriogomes.com.br\/noticias\/wp-json\/wp\/v2\/categories?post=20392"},{"taxonomy":"post_tag","embeddable":true,"href":"https:\/\/blogdorogeriogomes.com.br\/noticias\/wp-json\/wp\/v2\/tags?post=20392"}],"curies":[{"name":"wp","href":"https:\/\/api.w.org\/{rel}","templated":true}]}}