{"id":20399,"date":"2021-03-09T10:14:10","date_gmt":"2021-03-09T10:14:10","guid":{"rendered":"https:\/\/blogdorogeriogomes.com.br\/?p=20399"},"modified":"2021-03-10T15:27:32","modified_gmt":"2021-03-10T15:27:32","slug":"secretaria-de-saude-do-ceara-amplia-cadastro-para-vacinar-os-grupos-prioritarios-contra-a-covid-19","status":"publish","type":"post","link":"https:\/\/blogdorogeriogomes.com.br\/noticias\/2021\/03\/secretaria-de-saude-do-ceara-amplia-cadastro-para-vacinar-os-grupos-prioritarios-contra-a-covid-19\/","title":{"rendered":"Secretaria de Sa\u00fade do Cear\u00e1 amplia cadastro para vacinar os grupos priorit\u00e1rios contra a Covid-19"},"content":{"rendered":"\n<p>Por meio de nova&nbsp;ferramenta, a plataforma&nbsp;Sa\u00fade Digital,&nbsp;a Secretaria de Sa\u00fade do Cear\u00e1 disponibilizou no in\u00edcio desta semana o cadastro da vacina\u00e7\u00e3o contra a Covid-19 para as pessoas inclu\u00eddas nos grupos priorit\u00e1rios da imuniza\u00e7\u00e3o. A nova ferramenta promove a integra\u00e7\u00e3o de dados e informa\u00e7\u00f5es com os munic\u00edpios cearenses que aderirem ao sistema.<\/p>\n\n\n\n<p>Quem mora em Fortaleza, fez o cadastro na plataforma Vacine J\u00e1, mas ainda n\u00e3o recebeu o imunizante, deve fazer novamente o cadastro no novo sistema do Governo do Estado. Est\u00e3o sendo vacinadas no momento, a popula\u00e7\u00e3o ind\u00edgena aldeada, idosos a partir de 60 anos institucionalizados, trabalhadores de Sa\u00fade, pessoas com defici\u00eancia institucionalizadas e idosos a partir de 75 anos.<\/p>\n\n\n\n<p>O Cear\u00e1 aplicou, at\u00e9 agora, 488.944 doses de vacinas contra a Covid-19 em todo o Estado. J\u00e1 foram registrados at\u00e9 a manh\u00e3 desta ter\u00e7a-feira, dia 9 de mar\u00e7o, quase 449 mil casos do coronav\u00edrus no Cear\u00e1, com 11.801 mortes pela pandemia.<\/p>\n\n\n\n<figure class=\"wp-block-image size-large\"><img loading=\"lazy\" decoding=\"async\" width=\"984\" height=\"656\" src=\"https:\/\/blogdorogeriogomes.com.br\/wp-content\/uploads\/2021\/03\/whatsapp-image-2021-02-21-at-13.58.31.jpeg\" alt=\"\" class=\"wp-image-20400\" srcset=\"https:\/\/blogdorogeriogomes.com.br\/noticias\/wp-content\/uploads\/2021\/03\/whatsapp-image-2021-02-21-at-13.58.31.jpeg 984w, https:\/\/blogdorogeriogomes.com.br\/noticias\/wp-content\/uploads\/2021\/03\/whatsapp-image-2021-02-21-at-13.58.31-300x200.jpeg 300w, https:\/\/blogdorogeriogomes.com.br\/noticias\/wp-content\/uploads\/2021\/03\/whatsapp-image-2021-02-21-at-13.58.31-768x512.jpeg 768w, https:\/\/blogdorogeriogomes.com.br\/noticias\/wp-content\/uploads\/2021\/03\/whatsapp-image-2021-02-21-at-13.58.31-800x533.jpeg 800w\" sizes=\"auto, (max-width: 984px) 100vw, 984px\" \/><\/figure>\n","protected":false},"excerpt":{"rendered":"<p>Por meio de nova&nbsp;ferramenta, a plataforma&nbsp;Sa\u00fade Digital,&nbsp;a Secretaria de Sa\u00fade do Cear\u00e1 disponibilizou no in\u00edcio desta semana o cadastro da vacina\u00e7\u00e3o contra a Covid-19 para as pessoas inclu\u00eddas nos grupos priorit\u00e1rios da imuniza\u00e7\u00e3o. A nova ferramenta promove a integra\u00e7\u00e3o de dados e informa\u00e7\u00f5es com os munic\u00edpios cearenses que aderirem ao sistema. Quem mora em Fortaleza, fez o cadastro na plataforma Vacine J\u00e1, mas ainda n\u00e3o recebeu o imunizante, deve fazer novamente o cadastro no novo sistema do Governo do&hellip;<\/p>\n","protected":false},"author":1,"featured_media":20400,"comment_status":"open","ping_status":"open","sticky":false,"template":"","format":"standard","meta":{"footnotes":""},"categories":[1],"tags":[],"class_list":["post-20399","post","type-post","status-publish","format-standard","has-post-thumbnail","hentry","category-noticias"],"_links":{"self":[{"href":"https:\/\/blogdorogeriogomes.com.br\/noticias\/wp-json\/wp\/v2\/posts\/20399","targetHints":{"allow":["GET"]}}],"collection":[{"href":"https:\/\/blogdorogeriogomes.com.br\/noticias\/wp-json\/wp\/v2\/posts"}],"about":[{"href":"https:\/\/blogdorogeriogomes.com.br\/noticias\/wp-json\/wp\/v2\/types\/post"}],"author":[{"embeddable":true,"href":"https:\/\/blogdorogeriogomes.com.br\/noticias\/wp-json\/wp\/v2\/users\/1"}],"replies":[{"embeddable":true,"href":"https:\/\/blogdorogeriogomes.com.br\/noticias\/wp-json\/wp\/v2\/comments?post=20399"}],"version-history":[{"count":2,"href":"https:\/\/blogdorogeriogomes.com.br\/noticias\/wp-json\/wp\/v2\/posts\/20399\/revisions"}],"predecessor-version":[{"id":20419,"href":"https:\/\/blogdorogeriogomes.com.br\/noticias\/wp-json\/wp\/v2\/posts\/20399\/revisions\/20419"}],"wp:featuredmedia":[{"embeddable":true,"href":"https:\/\/blogdorogeriogomes.com.br\/noticias\/wp-json\/wp\/v2\/media\/20400"}],"wp:attachment":[{"href":"https:\/\/blogdorogeriogomes.com.br\/noticias\/wp-json\/wp\/v2\/media?parent=20399"}],"wp:term":[{"taxonomy":"category","embeddable":true,"href":"https:\/\/blogdorogeriogomes.com.br\/noticias\/wp-json\/wp\/v2\/categories?post=20399"},{"taxonomy":"post_tag","embeddable":true,"href":"https:\/\/blogdorogeriogomes.com.br\/noticias\/wp-json\/wp\/v2\/tags?post=20399"}],"curies":[{"name":"wp","href":"https:\/\/api.w.org\/{rel}","templated":true}]}}