{"id":20403,"date":"2021-03-09T10:58:16","date_gmt":"2021-03-09T10:58:16","guid":{"rendered":"https:\/\/blogdorogeriogomes.com.br\/?p=20403"},"modified":"2021-03-10T15:27:02","modified_gmt":"2021-03-10T15:27:02","slug":"ministro-gilmar-mendes-ainda-pode-colocar-a-segunda-turma-do-stf-para-analisar-a-suspeicao-de-sergio-moro-nas-decisoes-da-lava-jato","status":"publish","type":"post","link":"https:\/\/blogdorogeriogomes.com.br\/noticias\/2021\/03\/ministro-gilmar-mendes-ainda-pode-colocar-a-segunda-turma-do-stf-para-analisar-a-suspeicao-de-sergio-moro-nas-decisoes-da-lava-jato\/","title":{"rendered":"Ministro Gilmar Mendes ainda pode colocar a Segunda Turma do STF para analisar a suspei\u00e7\u00e3o de S\u00e9rgio Moro nas decis\u00f5es da Lava Jato"},"content":{"rendered":"\n<p>Nos meios jur\u00eddico e pol\u00edtico, se avalia que a decis\u00e3o do ministro do STF, Edson Fachin, em anular as condena\u00e7\u00f5es do ex-presidente Lula no \u00e2mbito da Lava Jato teve o objetivo de preservae o ex-juiz Sergio Moro, criticado pela condu\u00e7\u00e3o dos processos em parceria com os procuradores de Curitiba. Com Lula tendo os direitos pol\u00edticos restabelecidos, Moro n\u00e3o passaria mais pelo julgamento do STF. Mas o ministro Gilmar Mendes cogita pautar na Segunda Turma do STF a suspei\u00e7\u00e3o do ex-juiz Sergio Moro nos processos do ex-presidente Lula. O caso est\u00e1 com pedido de vista do ministro desde 2018.<\/p>\n\n\n\n<p>Pol\u00edticos como Ciro Gomes (PDT), Rodrigo Maia (DEM) e Arthur Virg\u00edlio (PSDB), al\u00e9m de apoiadores de Lula, como Fernando Haddad e Guilherme Boulos, j\u00e1 assinaram um manifesto favor\u00e1vel ao julgamento da suspei\u00e7\u00e3o de S\u00e9rgio Moro.<\/p>\n\n\n\n<p>De acordo com a jornalista M\u00f4nica Bergamo, da Folha, o manifesto come\u00e7ou a ser organizado antes de Edson Fachin anular as senten\u00e7as de Lula. Mas segue coletando assinaturas.<\/p>\n\n\n\n<figure class=\"wp-block-image size-large\"><img loading=\"lazy\" decoding=\"async\" width=\"679\" height=\"452\" src=\"https:\/\/blogdorogeriogomes.com.br\/wp-content\/uploads\/2021\/03\/images-69.jpeg\" alt=\"\" class=\"wp-image-20404\" srcset=\"https:\/\/blogdorogeriogomes.com.br\/noticias\/wp-content\/uploads\/2021\/03\/images-69.jpeg 679w, https:\/\/blogdorogeriogomes.com.br\/noticias\/wp-content\/uploads\/2021\/03\/images-69-300x200.jpeg 300w\" sizes=\"auto, (max-width: 679px) 100vw, 679px\" \/><\/figure>\n","protected":false},"excerpt":{"rendered":"<p>Nos meios jur\u00eddico e pol\u00edtico, se avalia que a decis\u00e3o do ministro do STF, Edson Fachin, em anular as condena\u00e7\u00f5es do ex-presidente Lula no \u00e2mbito da Lava Jato teve o objetivo de preservae o ex-juiz Sergio Moro, criticado pela condu\u00e7\u00e3o dos processos em parceria com os procuradores de Curitiba. Com Lula tendo os direitos pol\u00edticos restabelecidos, Moro n\u00e3o passaria mais pelo julgamento do STF. Mas o ministro Gilmar Mendes cogita pautar na Segunda Turma do STF a suspei\u00e7\u00e3o do&hellip;<\/p>\n","protected":false},"author":1,"featured_media":20404,"comment_status":"open","ping_status":"open","sticky":false,"template":"","format":"standard","meta":{"footnotes":""},"categories":[1],"tags":[],"class_list":["post-20403","post","type-post","status-publish","format-standard","has-post-thumbnail","hentry","category-noticias"],"_links":{"self":[{"href":"https:\/\/blogdorogeriogomes.com.br\/noticias\/wp-json\/wp\/v2\/posts\/20403","targetHints":{"allow":["GET"]}}],"collection":[{"href":"https:\/\/blogdorogeriogomes.com.br\/noticias\/wp-json\/wp\/v2\/posts"}],"about":[{"href":"https:\/\/blogdorogeriogomes.com.br\/noticias\/wp-json\/wp\/v2\/types\/post"}],"author":[{"embeddable":true,"href":"https:\/\/blogdorogeriogomes.com.br\/noticias\/wp-json\/wp\/v2\/users\/1"}],"replies":[{"embeddable":true,"href":"https:\/\/blogdorogeriogomes.com.br\/noticias\/wp-json\/wp\/v2\/comments?post=20403"}],"version-history":[{"count":1,"href":"https:\/\/blogdorogeriogomes.com.br\/noticias\/wp-json\/wp\/v2\/posts\/20403\/revisions"}],"predecessor-version":[{"id":20405,"href":"https:\/\/blogdorogeriogomes.com.br\/noticias\/wp-json\/wp\/v2\/posts\/20403\/revisions\/20405"}],"wp:featuredmedia":[{"embeddable":true,"href":"https:\/\/blogdorogeriogomes.com.br\/noticias\/wp-json\/wp\/v2\/media\/20404"}],"wp:attachment":[{"href":"https:\/\/blogdorogeriogomes.com.br\/noticias\/wp-json\/wp\/v2\/media?parent=20403"}],"wp:term":[{"taxonomy":"category","embeddable":true,"href":"https:\/\/blogdorogeriogomes.com.br\/noticias\/wp-json\/wp\/v2\/categories?post=20403"},{"taxonomy":"post_tag","embeddable":true,"href":"https:\/\/blogdorogeriogomes.com.br\/noticias\/wp-json\/wp\/v2\/tags?post=20403"}],"curies":[{"name":"wp","href":"https:\/\/api.w.org\/{rel}","templated":true}]}}