{"id":20406,"date":"2021-03-09T18:29:10","date_gmt":"2021-03-09T18:29:10","guid":{"rendered":"https:\/\/blogdorogeriogomes.com.br\/?p=20406"},"modified":"2021-03-10T15:26:39","modified_gmt":"2021-03-10T15:26:39","slug":"covid-19-109-800-novas-doses-da-coronavac-chegam-ao-ceara-nesta-quarta-feira","status":"publish","type":"post","link":"https:\/\/blogdorogeriogomes.com.br\/noticias\/2021\/03\/covid-19-109-800-novas-doses-da-coronavac-chegam-ao-ceara-nesta-quarta-feira\/","title":{"rendered":"Covid-19: 109.800 novas doses da Coronavac chegam ao Cear\u00e1 nesta quarta-feira"},"content":{"rendered":"\n<p>A oitava remessa com vacinas contra a Covid-19 chega ao Cear\u00e1 nesta quarta-feira, dia 9 de mar\u00e7o. Ser\u00e3o 109.800 doses da Coronavac, segundo informa a Secretaria da Sa\u00fade do Estado do Cear\u00e1. O governador Camilo Santana informou em suas redes sociais que o desembarque do material est\u00e1 previsto para \u00e0s 10h05min, no Aeroporto de Fortaleza.<\/p>\n\n\n\n<p>O novo lote contemplar\u00e1 a vacina\u00e7\u00e3o de idosos a partir de 75 anos e trabalhadores da Sa\u00fade, partes integrantes do grupo priorit\u00e1rio na primeira fase do Programa Nacional de Imuniza\u00e7\u00e3o.<\/p>\n\n\n\n<p>O Cear\u00e1 j\u00e1 passa de 450 mil casos de Covid-19, com 325.204 casos de pessoas que se recuperaram e 11.860 \u00f3bitos em decorr\u00eancia da pandemia. At\u00e9 o momento, segundo dados do Vacin\u00f4metro da Secretaria da Sa\u00fade, 488.944 doses j\u00e1 foram aplicadas na popula\u00e7\u00e3o cearense, 358.151 de 1\u00aa dose e 130.793 de 2\u00aa dose.<\/p>\n\n\n\n<figure class=\"wp-block-image size-large\"><img loading=\"lazy\" decoding=\"async\" width=\"678\" height=\"452\" src=\"https:\/\/blogdorogeriogomes.com.br\/wp-content\/uploads\/2021\/03\/images-70.jpeg\" alt=\"\" class=\"wp-image-20407\" srcset=\"https:\/\/blogdorogeriogomes.com.br\/noticias\/wp-content\/uploads\/2021\/03\/images-70.jpeg 678w, https:\/\/blogdorogeriogomes.com.br\/noticias\/wp-content\/uploads\/2021\/03\/images-70-300x200.jpeg 300w\" sizes=\"auto, (max-width: 678px) 100vw, 678px\" \/><\/figure>\n","protected":false},"excerpt":{"rendered":"<p>A oitava remessa com vacinas contra a Covid-19 chega ao Cear\u00e1 nesta quarta-feira, dia 9 de mar\u00e7o. Ser\u00e3o 109.800 doses da Coronavac, segundo informa a Secretaria da Sa\u00fade do Estado do Cear\u00e1. O governador Camilo Santana informou em suas redes sociais que o desembarque do material est\u00e1 previsto para \u00e0s 10h05min, no Aeroporto de Fortaleza. O novo lote contemplar\u00e1 a vacina\u00e7\u00e3o de idosos a partir de 75 anos e trabalhadores da Sa\u00fade, partes integrantes do grupo priorit\u00e1rio na primeira&hellip;<\/p>\n","protected":false},"author":1,"featured_media":20407,"comment_status":"open","ping_status":"open","sticky":false,"template":"","format":"standard","meta":{"footnotes":""},"categories":[1],"tags":[],"class_list":["post-20406","post","type-post","status-publish","format-standard","has-post-thumbnail","hentry","category-noticias"],"_links":{"self":[{"href":"https:\/\/blogdorogeriogomes.com.br\/noticias\/wp-json\/wp\/v2\/posts\/20406","targetHints":{"allow":["GET"]}}],"collection":[{"href":"https:\/\/blogdorogeriogomes.com.br\/noticias\/wp-json\/wp\/v2\/posts"}],"about":[{"href":"https:\/\/blogdorogeriogomes.com.br\/noticias\/wp-json\/wp\/v2\/types\/post"}],"author":[{"embeddable":true,"href":"https:\/\/blogdorogeriogomes.com.br\/noticias\/wp-json\/wp\/v2\/users\/1"}],"replies":[{"embeddable":true,"href":"https:\/\/blogdorogeriogomes.com.br\/noticias\/wp-json\/wp\/v2\/comments?post=20406"}],"version-history":[{"count":1,"href":"https:\/\/blogdorogeriogomes.com.br\/noticias\/wp-json\/wp\/v2\/posts\/20406\/revisions"}],"predecessor-version":[{"id":20408,"href":"https:\/\/blogdorogeriogomes.com.br\/noticias\/wp-json\/wp\/v2\/posts\/20406\/revisions\/20408"}],"wp:featuredmedia":[{"embeddable":true,"href":"https:\/\/blogdorogeriogomes.com.br\/noticias\/wp-json\/wp\/v2\/media\/20407"}],"wp:attachment":[{"href":"https:\/\/blogdorogeriogomes.com.br\/noticias\/wp-json\/wp\/v2\/media?parent=20406"}],"wp:term":[{"taxonomy":"category","embeddable":true,"href":"https:\/\/blogdorogeriogomes.com.br\/noticias\/wp-json\/wp\/v2\/categories?post=20406"},{"taxonomy":"post_tag","embeddable":true,"href":"https:\/\/blogdorogeriogomes.com.br\/noticias\/wp-json\/wp\/v2\/tags?post=20406"}],"curies":[{"name":"wp","href":"https:\/\/api.w.org\/{rel}","templated":true}]}}