{"id":20409,"date":"2021-03-09T23:01:22","date_gmt":"2021-03-09T23:01:22","guid":{"rendered":"https:\/\/blogdorogeriogomes.com.br\/?p=20409"},"modified":"2021-03-10T15:26:15","modified_gmt":"2021-03-10T15:26:15","slug":"em-julgamento-de-suspeicao-de-sergio-moro-gilmar-mendes-faz-duras-criticas-a-lava-jato-pedido-de-vista-adia-resultado","status":"publish","type":"post","link":"https:\/\/blogdorogeriogomes.com.br\/noticias\/2021\/03\/em-julgamento-de-suspeicao-de-sergio-moro-gilmar-mendes-faz-duras-criticas-a-lava-jato-pedido-de-vista-adia-resultado\/","title":{"rendered":"Em julgamento de suspei\u00e7\u00e3o de S\u00e9rgio Moro, Gilmar Mendes faz duras cr\u00edticas \u00e0 Lava Jato. Pedido de vista adia resultado"},"content":{"rendered":"\n<p>O julgamento da suspei\u00e7\u00e3o do ex-juiz Sergio Moro na condu\u00e7\u00e3o de processos envolvendo o ex-presidente Lula foi interrompido, nesta ter\u00e7a-feira, dia 9 de mar\u00e7o, na Segunda Turma do Supremo Tribunal Federal (STF). Respons\u00e1vel pela pauta, o ministro Gilmar Mendes votou a favor do descr\u00e9dito das a\u00e7\u00f5es de Moro, acompanhado do ministro Ricardo Lewandowski. O ministro K\u00e1ssio Nunes Marques pediu vistas, enquanto os ministros Edson Fachin e C\u00e1rmen L\u00facia se manifestar\u00e3o ap\u00f3s decis\u00e3o de Nunes. Fachin e Carmen j\u00e1 tinham se manifestado anteriormente a favor de Moro, mas a segunda ainda poder\u00e1 mudar o voto e se posicionar \u00e0 favor da suspei\u00e7\u00e3o do ex-juiz.<\/p>\n\n\n\n<p>Na manifesta\u00e7\u00e3o de seu voto pelo julgamento de Sergio Moro, Gilmar Mendes realizou discurso duro e cr\u00edtico sobre a imparcialidade na condu\u00e7\u00e3o da Opera\u00e7\u00e3o Lava Jato. Segundo Mendes, est\u00e1 em julgamento &#8220;o maior esc\u00e2ndalo da hist\u00f3ria da Justi\u00e7a do pa\u00eds&#8221; e que desenvolveu-se um conluio entre imprensa e procuradores ao longo das investiga\u00e7\u00f5es.<\/p>\n\n\n\n<p>&nbsp;&#8220;A hist\u00f3ria recente do Poder Judici\u00e1rio ficar\u00e1 marcada pelo experimento&nbsp;de um projeto populista de poder pol\u00edtico cuja t\u00f4nica assentava-se na instrumentaliza\u00e7\u00e3o do processo penal, na deturpa\u00e7\u00e3o dos valores da Justi\u00e7a e na eleva\u00e7\u00e3o m\u00edtica de um juiz subserviente a um ideal feroz de viol\u00eancia \u00e0s garantias constitucionais do contradit\u00f3rio, da ampla defesa, da presun\u00e7\u00e3o da inoc\u00eancia e, principalmente, da dignidade da pessoa humana&#8221;, discursou o ministro.<\/p>\n\n\n\n<p>Caso Moro seja condenado por ter motiva\u00e7\u00f5es esp\u00farias nos casos envolvendo Lula, todo o material apresentado nos processos contra o l\u00edder petista ser\u00e1 anulado, confirmando assim a elegibilidade do ex-presidente. Os processos contra Lula teriam de ser reiniciados do zero pela Justi\u00e7a Federal de Bras\u00edlia.<\/p>\n\n\n\n<figure class=\"wp-block-image size-large\"><img loading=\"lazy\" decoding=\"async\" width=\"680\" height=\"451\" src=\"https:\/\/blogdorogeriogomes.com.br\/wp-content\/uploads\/2021\/03\/images-71.jpeg\" alt=\"\" class=\"wp-image-20410\" srcset=\"https:\/\/blogdorogeriogomes.com.br\/noticias\/wp-content\/uploads\/2021\/03\/images-71.jpeg 680w, https:\/\/blogdorogeriogomes.com.br\/noticias\/wp-content\/uploads\/2021\/03\/images-71-300x199.jpeg 300w\" sizes=\"auto, (max-width: 680px) 100vw, 680px\" \/><\/figure>\n","protected":false},"excerpt":{"rendered":"<p>O julgamento da suspei\u00e7\u00e3o do ex-juiz Sergio Moro na condu\u00e7\u00e3o de processos envolvendo o ex-presidente Lula foi interrompido, nesta ter\u00e7a-feira, dia 9 de mar\u00e7o, na Segunda Turma do Supremo Tribunal Federal (STF). Respons\u00e1vel pela pauta, o ministro Gilmar Mendes votou a favor do descr\u00e9dito das a\u00e7\u00f5es de Moro, acompanhado do ministro Ricardo Lewandowski. O ministro K\u00e1ssio Nunes Marques pediu vistas, enquanto os ministros Edson Fachin e C\u00e1rmen L\u00facia se manifestar\u00e3o ap\u00f3s decis\u00e3o de Nunes. Fachin e Carmen j\u00e1 tinham&hellip;<\/p>\n","protected":false},"author":1,"featured_media":20410,"comment_status":"open","ping_status":"open","sticky":false,"template":"","format":"standard","meta":{"footnotes":""},"categories":[1],"tags":[],"class_list":["post-20409","post","type-post","status-publish","format-standard","has-post-thumbnail","hentry","category-noticias"],"_links":{"self":[{"href":"https:\/\/blogdorogeriogomes.com.br\/noticias\/wp-json\/wp\/v2\/posts\/20409","targetHints":{"allow":["GET"]}}],"collection":[{"href":"https:\/\/blogdorogeriogomes.com.br\/noticias\/wp-json\/wp\/v2\/posts"}],"about":[{"href":"https:\/\/blogdorogeriogomes.com.br\/noticias\/wp-json\/wp\/v2\/types\/post"}],"author":[{"embeddable":true,"href":"https:\/\/blogdorogeriogomes.com.br\/noticias\/wp-json\/wp\/v2\/users\/1"}],"replies":[{"embeddable":true,"href":"https:\/\/blogdorogeriogomes.com.br\/noticias\/wp-json\/wp\/v2\/comments?post=20409"}],"version-history":[{"count":2,"href":"https:\/\/blogdorogeriogomes.com.br\/noticias\/wp-json\/wp\/v2\/posts\/20409\/revisions"}],"predecessor-version":[{"id":20418,"href":"https:\/\/blogdorogeriogomes.com.br\/noticias\/wp-json\/wp\/v2\/posts\/20409\/revisions\/20418"}],"wp:featuredmedia":[{"embeddable":true,"href":"https:\/\/blogdorogeriogomes.com.br\/noticias\/wp-json\/wp\/v2\/media\/20410"}],"wp:attachment":[{"href":"https:\/\/blogdorogeriogomes.com.br\/noticias\/wp-json\/wp\/v2\/media?parent=20409"}],"wp:term":[{"taxonomy":"category","embeddable":true,"href":"https:\/\/blogdorogeriogomes.com.br\/noticias\/wp-json\/wp\/v2\/categories?post=20409"},{"taxonomy":"post_tag","embeddable":true,"href":"https:\/\/blogdorogeriogomes.com.br\/noticias\/wp-json\/wp\/v2\/tags?post=20409"}],"curies":[{"name":"wp","href":"https:\/\/api.w.org\/{rel}","templated":true}]}}