{"id":20412,"date":"2021-03-10T10:00:44","date_gmt":"2021-03-10T10:00:44","guid":{"rendered":"https:\/\/blogdorogeriogomes.com.br\/?p=20412"},"modified":"2021-03-10T15:25:52","modified_gmt":"2021-03-10T15:25:52","slug":"em-meio-a-pandemia-governo-do-ceara-vai-pagar-as-contas-de-agua-de-493-mil-familias-de-baixa-renda-nos-proximos-dois-meses","status":"publish","type":"post","link":"https:\/\/blogdorogeriogomes.com.br\/noticias\/2021\/03\/em-meio-a-pandemia-governo-do-ceara-vai-pagar-as-contas-de-agua-de-493-mil-familias-de-baixa-renda-nos-proximos-dois-meses\/","title":{"rendered":"Em meio a pandemia, Governo do Cear\u00e1 vai pagar as contas de \u00e1gua de 493 mil fam\u00edlias de baixa renda nos pr\u00f3ximos dois meses"},"content":{"rendered":"\n<p>Como forma de amenizar as dificuldades financeiras de fam\u00edlias carentes, em meio \u00e0 pandemia da Covid-19, o governador do Cear\u00e1, Camilo Santana, anunciou que o Governo Estadual, atrav\u00e9s da Cagece e do Sistema Sisar, vai isentar a conta de \u00e1gua de cerca de 493 mil fam\u00edlias cearenses nos meses de abril e maio. O investimento total na isen\u00e7\u00e3o \u00e9 estimado em R$ 56,8 milh\u00f5es de reais. A mensagem foi encaminhada para  aprova\u00e7\u00e3o da Assembleia Legislativa.<\/p>\n\n\n\n<p>S\u00e3o 379.114 fam\u00edlias de baixa renda que consomem at\u00e9 10 mil metros c\u00fabicos por m\u00eas, e tem contas de \u00e1gua ligadas \u00e0 Cagece. E mais 114.847 fam\u00edlias do interior inscritas no Sistema Sisar (Sistema Integrado de Saneamento Rural).<\/p>\n\n\n\n<p>Al\u00e9m disso, Camilo Santana anunciou tamb\u00e9m a suspens\u00e3o da cobran\u00e7a da tarifa de conting\u00eancia para 236.090 fam\u00edlias da Regi\u00e3o Metropolitana de Fortaleza.<\/p>\n\n\n\n<p>Na mesma linha, Camilo Santana anunciou que est\u00e1 negociando com a Enel a isen\u00e7\u00e3o da tarifa de energia por dois meses das fam\u00edlias de baixa renda.<\/p>\n\n\n\n<figure class=\"wp-block-image size-large\"><img loading=\"lazy\" decoding=\"async\" width=\"600\" height=\"399\" src=\"https:\/\/blogdorogeriogomes.com.br\/wp-content\/uploads\/2021\/03\/images-72.jpeg\" alt=\"\" class=\"wp-image-20413\" srcset=\"https:\/\/blogdorogeriogomes.com.br\/noticias\/wp-content\/uploads\/2021\/03\/images-72.jpeg 600w, https:\/\/blogdorogeriogomes.com.br\/noticias\/wp-content\/uploads\/2021\/03\/images-72-300x200.jpeg 300w\" sizes=\"auto, (max-width: 600px) 100vw, 600px\" \/><\/figure>\n\n\n\n<p><\/p>\n\n\n\n<p>O governador Camilo Santana falou que as medidas chegam para beneficiar as fam\u00edlias de baixa renda afetadas pela pandemia da Covid-19.<\/p>\n","protected":false},"excerpt":{"rendered":"<p>Como forma de amenizar as dificuldades financeiras de fam\u00edlias carentes, em meio \u00e0 pandemia da Covid-19, o governador do Cear\u00e1, Camilo Santana, anunciou que o Governo Estadual, atrav\u00e9s da Cagece e do Sistema Sisar, vai isentar a conta de \u00e1gua de cerca de 493 mil fam\u00edlias cearenses nos meses de abril e maio. O investimento total na isen\u00e7\u00e3o \u00e9 estimado em R$ 56,8 milh\u00f5es de reais. A mensagem foi encaminhada para aprova\u00e7\u00e3o da Assembleia Legislativa. S\u00e3o 379.114 fam\u00edlias de&hellip;<\/p>\n","protected":false},"author":1,"featured_media":20413,"comment_status":"open","ping_status":"open","sticky":false,"template":"","format":"standard","meta":{"footnotes":""},"categories":[1],"tags":[],"class_list":["post-20412","post","type-post","status-publish","format-standard","has-post-thumbnail","hentry","category-noticias"],"_links":{"self":[{"href":"https:\/\/blogdorogeriogomes.com.br\/noticias\/wp-json\/wp\/v2\/posts\/20412","targetHints":{"allow":["GET"]}}],"collection":[{"href":"https:\/\/blogdorogeriogomes.com.br\/noticias\/wp-json\/wp\/v2\/posts"}],"about":[{"href":"https:\/\/blogdorogeriogomes.com.br\/noticias\/wp-json\/wp\/v2\/types\/post"}],"author":[{"embeddable":true,"href":"https:\/\/blogdorogeriogomes.com.br\/noticias\/wp-json\/wp\/v2\/users\/1"}],"replies":[{"embeddable":true,"href":"https:\/\/blogdorogeriogomes.com.br\/noticias\/wp-json\/wp\/v2\/comments?post=20412"}],"version-history":[{"count":1,"href":"https:\/\/blogdorogeriogomes.com.br\/noticias\/wp-json\/wp\/v2\/posts\/20412\/revisions"}],"predecessor-version":[{"id":20414,"href":"https:\/\/blogdorogeriogomes.com.br\/noticias\/wp-json\/wp\/v2\/posts\/20412\/revisions\/20414"}],"wp:featuredmedia":[{"embeddable":true,"href":"https:\/\/blogdorogeriogomes.com.br\/noticias\/wp-json\/wp\/v2\/media\/20413"}],"wp:attachment":[{"href":"https:\/\/blogdorogeriogomes.com.br\/noticias\/wp-json\/wp\/v2\/media?parent=20412"}],"wp:term":[{"taxonomy":"category","embeddable":true,"href":"https:\/\/blogdorogeriogomes.com.br\/noticias\/wp-json\/wp\/v2\/categories?post=20412"},{"taxonomy":"post_tag","embeddable":true,"href":"https:\/\/blogdorogeriogomes.com.br\/noticias\/wp-json\/wp\/v2\/tags?post=20412"}],"curies":[{"name":"wp","href":"https:\/\/api.w.org\/{rel}","templated":true}]}}