{"id":20420,"date":"2021-03-10T17:28:53","date_gmt":"2021-03-10T17:28:53","guid":{"rendered":"https:\/\/blogdorogeriogomes.com.br\/?p=20420"},"modified":"2021-03-11T13:28:31","modified_gmt":"2021-03-11T13:28:31","slug":"lula-diz-que-foi-vitima-de-injustica-historica-e-acusa-bolsonaro-de-afundar-o-pais-em-crise-da-covid-19","status":"publish","type":"post","link":"https:\/\/blogdorogeriogomes.com.br\/noticias\/2021\/03\/lula-diz-que-foi-vitima-de-injustica-historica-e-acusa-bolsonaro-de-afundar-o-pais-em-crise-da-covid-19\/","title":{"rendered":"Lula diz que foi v\u00edtima de injusti\u00e7a hist\u00f3rica e acusa Bolsonaro de afundar o Pa\u00eds em crise da Covid-19"},"content":{"rendered":"\n<p>O ex-presidente Lula realizou, nesta quarta-feira, dia 10 de mar\u00e7o, o seu primeiro pronunciamento p\u00fablico ap\u00f3s a decis\u00e3o do ministro do STF, Eduardo Fachin, de anular todas as suas condena\u00e7\u00f5es pela Justi\u00e7a Federal do Paran\u00e1 relacionadas \u00e0 Opera\u00e7\u00e3o Lava Jato e torn\u00e1-lo novamente eleg\u00edvel. Em discurso emocionado, o l\u00edder petista acusou ser v\u00edtima de uma injusti\u00e7a hist\u00f3rica, responsabilizou Bolsonaro pelo alastramento de casos da Covid-19 no Brasil e lamentou o sofrimento do povo brasileiro.<\/p>\n\n\n\n<p>&#8220;Eu sei que fui v\u00edtima da maior mentira jur\u00eddica contada em 500 anos de hist\u00f3ria&#8221;, bradou o ex-presidente. Lu\u00eds In\u00e1cio destacou que, apesar de ter passado por investiga\u00e7\u00e3o, pris\u00e3o e perdas familiares, sua dor &#8220;n\u00e3o se compara ao que sofrem hoje a popula\u00e7\u00e3o do pa\u00eds&#8221;. Hoje, livre para a disputa presidencial em 2022, Lula tamb\u00e9m deu o seu recado para seus apoiadores. &#8220;Eu sou o resultado da consci\u00eancia pol\u00edtica da classe trabalhadora do pa\u00eds&#8221;. Uma frente d\u00eas esquerda para concorrer em 2022, no entanto, s\u00f3 deve ser discutida mais \u00e0 frente, segundo Lula. &#8220;N\u00e3o \u00e9 hora pra discutir candidaturas&#8221;.<\/p>\n\n\n\n<p>Quando o assunto foi a pandemia e os mais de 250 mil mortos pela Covid-19 no pa\u00eds, o ex-presidente ressaltou a import\u00e2ncia do SUS, &#8220;apesar do desgoverno tirar investimentos&#8221;, e culpou o presidente Jair Bolsonaro pelos n\u00fameros alarmantes da crise sanit\u00e1ria. &#8220;Eu vou tomar a vacina. E pe\u00e7o que voc\u00eas tomem vacina. N\u00e3o sigam nenhuma decis\u00e3o do imbecil do presidente ou do ministro da Sa\u00fade. \u00c9 preciso tomar vacina, cumprir isolamento e usar m\u00e1scara&#8221;. Lula disse que vai tomar a vacina contra a Covid-19, na pr\u00f3xima segunda-feira, dia 15. Depois, a meta \u00e9 lutar politicamente por mais vacinas para o Pa\u00eds e pagamento de um aux\u00edlio emergencial justo. &#8220;Estou disposto a viajar pelo Pa\u00eds para conversar com qualquer for\u00e7a pol\u00edtica que deseje mudar a situa\u00e7\u00e3o que est\u00e1 a\u00ed&#8221;, disse Lula.<\/p>\n\n\n\n<p>Sobre a suspei\u00e7\u00e3o do ex-juiz S\u00e9rgio Moro, ainda em julgamento no STF, Lula diz estar tranquilo e que a Justi\u00e7a vir\u00e1. &#8220;Moro e (Deltan) Dallagnol devem estar sofrendo mais do que eu. Eu sei que n\u00e3o cometi nenhum erro. Eles sabem do erro que cometeram&#8221;.<\/p>\n\n\n\n<figure class=\"wp-block-image size-large\"><img loading=\"lazy\" decoding=\"async\" width=\"719\" height=\"427\" src=\"https:\/\/blogdorogeriogomes.com.br\/wp-content\/uploads\/2021\/03\/images-73.jpeg\" alt=\"\" class=\"wp-image-20421\" srcset=\"https:\/\/blogdorogeriogomes.com.br\/noticias\/wp-content\/uploads\/2021\/03\/images-73.jpeg 719w, https:\/\/blogdorogeriogomes.com.br\/noticias\/wp-content\/uploads\/2021\/03\/images-73-300x178.jpeg 300w\" sizes=\"auto, (max-width: 719px) 100vw, 719px\" \/><\/figure>\n\n\n\n<p><\/p>\n","protected":false},"excerpt":{"rendered":"<p>O ex-presidente Lula realizou, nesta quarta-feira, dia 10 de mar\u00e7o, o seu primeiro pronunciamento p\u00fablico ap\u00f3s a decis\u00e3o do ministro do STF, Eduardo Fachin, de anular todas as suas condena\u00e7\u00f5es pela Justi\u00e7a Federal do Paran\u00e1 relacionadas \u00e0 Opera\u00e7\u00e3o Lava Jato e torn\u00e1-lo novamente eleg\u00edvel. Em discurso emocionado, o l\u00edder petista acusou ser v\u00edtima de uma injusti\u00e7a hist\u00f3rica, responsabilizou Bolsonaro pelo alastramento de casos da Covid-19 no Brasil e lamentou o sofrimento do povo brasileiro. &#8220;Eu sei que fui v\u00edtima&hellip;<\/p>\n","protected":false},"author":1,"featured_media":20421,"comment_status":"open","ping_status":"open","sticky":false,"template":"","format":"standard","meta":{"footnotes":""},"categories":[1],"tags":[],"class_list":["post-20420","post","type-post","status-publish","format-standard","has-post-thumbnail","hentry","category-noticias"],"_links":{"self":[{"href":"https:\/\/blogdorogeriogomes.com.br\/noticias\/wp-json\/wp\/v2\/posts\/20420","targetHints":{"allow":["GET"]}}],"collection":[{"href":"https:\/\/blogdorogeriogomes.com.br\/noticias\/wp-json\/wp\/v2\/posts"}],"about":[{"href":"https:\/\/blogdorogeriogomes.com.br\/noticias\/wp-json\/wp\/v2\/types\/post"}],"author":[{"embeddable":true,"href":"https:\/\/blogdorogeriogomes.com.br\/noticias\/wp-json\/wp\/v2\/users\/1"}],"replies":[{"embeddable":true,"href":"https:\/\/blogdorogeriogomes.com.br\/noticias\/wp-json\/wp\/v2\/comments?post=20420"}],"version-history":[{"count":1,"href":"https:\/\/blogdorogeriogomes.com.br\/noticias\/wp-json\/wp\/v2\/posts\/20420\/revisions"}],"predecessor-version":[{"id":20422,"href":"https:\/\/blogdorogeriogomes.com.br\/noticias\/wp-json\/wp\/v2\/posts\/20420\/revisions\/20422"}],"wp:featuredmedia":[{"embeddable":true,"href":"https:\/\/blogdorogeriogomes.com.br\/noticias\/wp-json\/wp\/v2\/media\/20421"}],"wp:attachment":[{"href":"https:\/\/blogdorogeriogomes.com.br\/noticias\/wp-json\/wp\/v2\/media?parent=20420"}],"wp:term":[{"taxonomy":"category","embeddable":true,"href":"https:\/\/blogdorogeriogomes.com.br\/noticias\/wp-json\/wp\/v2\/categories?post=20420"},{"taxonomy":"post_tag","embeddable":true,"href":"https:\/\/blogdorogeriogomes.com.br\/noticias\/wp-json\/wp\/v2\/tags?post=20420"}],"curies":[{"name":"wp","href":"https:\/\/api.w.org\/{rel}","templated":true}]}}