{"id":20423,"date":"2021-03-10T17:39:26","date_gmt":"2021-03-10T17:39:26","guid":{"rendered":"https:\/\/blogdorogeriogomes.com.br\/?p=20423"},"modified":"2021-03-11T13:28:15","modified_gmt":"2021-03-11T13:28:15","slug":"jose-sarto-confirma-abertura-de-mais-36-leitos-de-uti-para-a-covid-19-em-fortaleza","status":"publish","type":"post","link":"https:\/\/blogdorogeriogomes.com.br\/noticias\/2021\/03\/jose-sarto-confirma-abertura-de-mais-36-leitos-de-uti-para-a-covid-19-em-fortaleza\/","title":{"rendered":"Jos\u00e9 Sarto confirma abertura de mais 36 leitos de UTI para a Covid-19 em Fortaleza"},"content":{"rendered":"\n<p>O prefeito de Fortaleza, Jos\u00e9 Sarto (PDT), anunciou, nesta quarta-feira, dia 10 de mar\u00e7o, a entrega de mais 36 leitos para atendimento exclusivo de pacientes acometidos pela Covid-19. Em visita ao Hospital e Maternidade Dra. Zilda Arns (Hospital da Mulher), ele detalhou que a unidade teve o acr\u00e9scimo de seis leitos de enfermaria. No Instituto Dr. Jos\u00e9 Frota (IJF), foram mais 20 de enfermaria e 10 de Unidade de Terapia Intensiva (UTI).<\/p>\n\n\n\n<p>Com o incremento, a rede hospitalar de Fortaleza j\u00e1 disp\u00f5e de 644 leitos destinados aos casos do novo coronav\u00edrus.&nbsp;<\/p>\n\n\n\n<figure class=\"wp-block-image size-large\"><img loading=\"lazy\" decoding=\"async\" width=\"1024\" height=\"602\" src=\"https:\/\/blogdorogeriogomes.com.br\/wp-content\/uploads\/2021\/03\/IMG-20210310-WA0115-1024x602.jpg\" alt=\"\" class=\"wp-image-20424\" srcset=\"https:\/\/blogdorogeriogomes.com.br\/noticias\/wp-content\/uploads\/2021\/03\/IMG-20210310-WA0115-1024x602.jpg 1024w, https:\/\/blogdorogeriogomes.com.br\/noticias\/wp-content\/uploads\/2021\/03\/IMG-20210310-WA0115-300x176.jpg 300w, https:\/\/blogdorogeriogomes.com.br\/noticias\/wp-content\/uploads\/2021\/03\/IMG-20210310-WA0115-768x451.jpg 768w, https:\/\/blogdorogeriogomes.com.br\/noticias\/wp-content\/uploads\/2021\/03\/IMG-20210310-WA0115-800x470.jpg 800w, https:\/\/blogdorogeriogomes.com.br\/noticias\/wp-content\/uploads\/2021\/03\/IMG-20210310-WA0115.jpg 1280w\" sizes=\"auto, (max-width: 1024px) 100vw, 1024px\" \/><\/figure>\n","protected":false},"excerpt":{"rendered":"<p>O prefeito de Fortaleza, Jos\u00e9 Sarto (PDT), anunciou, nesta quarta-feira, dia 10 de mar\u00e7o, a entrega de mais 36 leitos para atendimento exclusivo de pacientes acometidos pela Covid-19. Em visita ao Hospital e Maternidade Dra. Zilda Arns (Hospital da Mulher), ele detalhou que a unidade teve o acr\u00e9scimo de seis leitos de enfermaria. No Instituto Dr. Jos\u00e9 Frota (IJF), foram mais 20 de enfermaria e 10 de Unidade de Terapia Intensiva (UTI). Com o incremento, a rede hospitalar de&hellip;<\/p>\n","protected":false},"author":1,"featured_media":20424,"comment_status":"open","ping_status":"open","sticky":false,"template":"","format":"standard","meta":{"footnotes":""},"categories":[1],"tags":[],"class_list":["post-20423","post","type-post","status-publish","format-standard","has-post-thumbnail","hentry","category-noticias"],"_links":{"self":[{"href":"https:\/\/blogdorogeriogomes.com.br\/noticias\/wp-json\/wp\/v2\/posts\/20423","targetHints":{"allow":["GET"]}}],"collection":[{"href":"https:\/\/blogdorogeriogomes.com.br\/noticias\/wp-json\/wp\/v2\/posts"}],"about":[{"href":"https:\/\/blogdorogeriogomes.com.br\/noticias\/wp-json\/wp\/v2\/types\/post"}],"author":[{"embeddable":true,"href":"https:\/\/blogdorogeriogomes.com.br\/noticias\/wp-json\/wp\/v2\/users\/1"}],"replies":[{"embeddable":true,"href":"https:\/\/blogdorogeriogomes.com.br\/noticias\/wp-json\/wp\/v2\/comments?post=20423"}],"version-history":[{"count":2,"href":"https:\/\/blogdorogeriogomes.com.br\/noticias\/wp-json\/wp\/v2\/posts\/20423\/revisions"}],"predecessor-version":[{"id":20436,"href":"https:\/\/blogdorogeriogomes.com.br\/noticias\/wp-json\/wp\/v2\/posts\/20423\/revisions\/20436"}],"wp:featuredmedia":[{"embeddable":true,"href":"https:\/\/blogdorogeriogomes.com.br\/noticias\/wp-json\/wp\/v2\/media\/20424"}],"wp:attachment":[{"href":"https:\/\/blogdorogeriogomes.com.br\/noticias\/wp-json\/wp\/v2\/media?parent=20423"}],"wp:term":[{"taxonomy":"category","embeddable":true,"href":"https:\/\/blogdorogeriogomes.com.br\/noticias\/wp-json\/wp\/v2\/categories?post=20423"},{"taxonomy":"post_tag","embeddable":true,"href":"https:\/\/blogdorogeriogomes.com.br\/noticias\/wp-json\/wp\/v2\/tags?post=20423"}],"curies":[{"name":"wp","href":"https:\/\/api.w.org\/{rel}","templated":true}]}}