{"id":20432,"date":"2021-03-11T10:10:30","date_gmt":"2021-03-11T10:10:30","guid":{"rendered":"https:\/\/blogdorogeriogomes.com.br\/?p=20432"},"modified":"2021-03-11T13:27:08","modified_gmt":"2021-03-11T13:27:08","slug":"camara-dos-deputados-deve-concluir-aprovacao-da-pec-que-permite-a-volta-do-auxilio-emergencial-nesta-quinta-feira","status":"publish","type":"post","link":"https:\/\/blogdorogeriogomes.com.br\/noticias\/2021\/03\/camara-dos-deputados-deve-concluir-aprovacao-da-pec-que-permite-a-volta-do-auxilio-emergencial-nesta-quinta-feira\/","title":{"rendered":"C\u00e2mara dos Deputados deve concluir aprova\u00e7\u00e3o da PEC que permite a volta do aux\u00edlio emergencial nesta quinta-feira"},"content":{"rendered":"\n<p>O retorno do pagamento do aux\u00edlio emergencial a trabalhadores em dificuldade financeira por causa da pandemia da Covid-19 est\u00e1 perto de acontecer. A C\u00e2mara dos Deputados concluiu na madrugada desta quinta-feira, dia 11 de mar\u00e7o, o 1\u00ba turno de vota\u00e7\u00e3o da PEC (Proposta de Emenda \u00e0 Constitui\u00e7\u00e3o) Emergencial, com medidas de controle dos gastos p\u00fablicos e que autoriza o pagamento de at\u00e9 R$ 44 bilh\u00f5es por meio do novo aux\u00edlio emergencial. O benef\u00edcio deve ter quatro parcelas com valor de R$ 250. Os parlamentares ainda votar\u00e3o o texto em 2\u00ba turno, em sess\u00e3o marcada para esta mesma quinta-feira.<\/p>\n\n\n\n<p>O Governo Bolsonaro teve dificuldades na aprova\u00e7\u00e3o da PEC. Deputados governistas tentavam incluir na proposta, medidas que impediriam progress\u00f5es e promo\u00e7\u00f5es de carreiras de servidores e agentes p\u00fablicos. Mas foram derrotados pela press\u00e3o da oposi\u00e7\u00e3o. Em casos de emerg\u00eancia fiscal ou calamidade p\u00fablica, o Governo Federal poder\u00e1 congelar o sal\u00e1rio dos servidores, mas todos seguir\u00e3o com o direito a avan\u00e7ar nas carreiras.<\/p>\n\n\n\n<p>Mesmo ap\u00f3s um acordo na mudan\u00e7a da PEC Emergencial, integrantes da Uni\u00e3o dos Policiais do Brasil mant\u00eam mobiliza\u00e7\u00e3o para a paralisa\u00e7\u00e3o de servidores. Est\u00e3o insatisfeitos com promessas n\u00e3o cumpridas pelo presidente Jair Bolsonaro. Entidades afirmam que a mudan\u00e7a s\u00f3 atende parte das reinvidica\u00e7\u00f5es da categoria.<\/p>\n\n\n\n<figure class=\"wp-block-image size-large\"><img loading=\"lazy\" decoding=\"async\" width=\"450\" height=\"337\" src=\"https:\/\/blogdorogeriogomes.com.br\/wp-content\/uploads\/2021\/03\/foto-de-arquivo-deputados-comecam-a-ocupar-o-plenario-da-camara-para-discutir-relatorio-do-impeachment-de-dilma-rousseff-pt-1612290516252_v2_450x337.jpg\" alt=\"\" class=\"wp-image-20433\" srcset=\"https:\/\/blogdorogeriogomes.com.br\/noticias\/wp-content\/uploads\/2021\/03\/foto-de-arquivo-deputados-comecam-a-ocupar-o-plenario-da-camara-para-discutir-relatorio-do-impeachment-de-dilma-rousseff-pt-1612290516252_v2_450x337.jpg 450w, https:\/\/blogdorogeriogomes.com.br\/noticias\/wp-content\/uploads\/2021\/03\/foto-de-arquivo-deputados-comecam-a-ocupar-o-plenario-da-camara-para-discutir-relatorio-do-impeachment-de-dilma-rousseff-pt-1612290516252_v2_450x337-300x225.jpg 300w, https:\/\/blogdorogeriogomes.com.br\/noticias\/wp-content\/uploads\/2021\/03\/foto-de-arquivo-deputados-comecam-a-ocupar-o-plenario-da-camara-para-discutir-relatorio-do-impeachment-de-dilma-rousseff-pt-1612290516252_v2_450x337-400x300.jpg 400w\" sizes=\"auto, (max-width: 450px) 100vw, 450px\" \/><\/figure>\n","protected":false},"excerpt":{"rendered":"<p>O retorno do pagamento do aux\u00edlio emergencial a trabalhadores em dificuldade financeira por causa da pandemia da Covid-19 est\u00e1 perto de acontecer. A C\u00e2mara dos Deputados concluiu na madrugada desta quinta-feira, dia 11 de mar\u00e7o, o 1\u00ba turno de vota\u00e7\u00e3o da PEC (Proposta de Emenda \u00e0 Constitui\u00e7\u00e3o) Emergencial, com medidas de controle dos gastos p\u00fablicos e que autoriza o pagamento de at\u00e9 R$ 44 bilh\u00f5es por meio do novo aux\u00edlio emergencial. O benef\u00edcio deve ter quatro parcelas com valor&hellip;<\/p>\n","protected":false},"author":1,"featured_media":20433,"comment_status":"open","ping_status":"open","sticky":false,"template":"","format":"standard","meta":{"footnotes":""},"categories":[1],"tags":[],"class_list":["post-20432","post","type-post","status-publish","format-standard","has-post-thumbnail","hentry","category-noticias"],"_links":{"self":[{"href":"https:\/\/blogdorogeriogomes.com.br\/noticias\/wp-json\/wp\/v2\/posts\/20432","targetHints":{"allow":["GET"]}}],"collection":[{"href":"https:\/\/blogdorogeriogomes.com.br\/noticias\/wp-json\/wp\/v2\/posts"}],"about":[{"href":"https:\/\/blogdorogeriogomes.com.br\/noticias\/wp-json\/wp\/v2\/types\/post"}],"author":[{"embeddable":true,"href":"https:\/\/blogdorogeriogomes.com.br\/noticias\/wp-json\/wp\/v2\/users\/1"}],"replies":[{"embeddable":true,"href":"https:\/\/blogdorogeriogomes.com.br\/noticias\/wp-json\/wp\/v2\/comments?post=20432"}],"version-history":[{"count":1,"href":"https:\/\/blogdorogeriogomes.com.br\/noticias\/wp-json\/wp\/v2\/posts\/20432\/revisions"}],"predecessor-version":[{"id":20434,"href":"https:\/\/blogdorogeriogomes.com.br\/noticias\/wp-json\/wp\/v2\/posts\/20432\/revisions\/20434"}],"wp:featuredmedia":[{"embeddable":true,"href":"https:\/\/blogdorogeriogomes.com.br\/noticias\/wp-json\/wp\/v2\/media\/20433"}],"wp:attachment":[{"href":"https:\/\/blogdorogeriogomes.com.br\/noticias\/wp-json\/wp\/v2\/media?parent=20432"}],"wp:term":[{"taxonomy":"category","embeddable":true,"href":"https:\/\/blogdorogeriogomes.com.br\/noticias\/wp-json\/wp\/v2\/categories?post=20432"},{"taxonomy":"post_tag","embeddable":true,"href":"https:\/\/blogdorogeriogomes.com.br\/noticias\/wp-json\/wp\/v2\/tags?post=20432"}],"curies":[{"name":"wp","href":"https:\/\/api.w.org\/{rel}","templated":true}]}}