{"id":20441,"date":"2021-03-11T20:23:37","date_gmt":"2021-03-11T20:23:37","guid":{"rendered":"https:\/\/blogdorogeriogomes.com.br\/?p=20441"},"modified":"2021-03-12T12:13:43","modified_gmt":"2021-03-12T12:13:43","slug":"camilo-santana-volta-a-cobrar-esforco-nas-relacoes-internacionais-para-aquisicao-de-vacinas-em-reuniao-com-o-presidente-do-senado-federal","status":"publish","type":"post","link":"https:\/\/blogdorogeriogomes.com.br\/noticias\/2021\/03\/camilo-santana-volta-a-cobrar-esforco-nas-relacoes-internacionais-para-aquisicao-de-vacinas-em-reuniao-com-o-presidente-do-senado-federal\/","title":{"rendered":"Camilo Santana volta a cobrar esfor\u00e7o nas rela\u00e7\u00f5es internacionais para aquisi\u00e7\u00e3o de vacinas em reuni\u00e3o com o presidente do Senado Federal"},"content":{"rendered":"\n<p>A escassez de vacina no Brasil, em conjunto com o quase colapso da rede hospitalar no Pa\u00eds, talvez seja a maior preocupa\u00e7\u00e3o de governadores e prefeitos. O governador do Cear\u00e1, Camilo Santana, participou nesta quinta-feira, dia 11 de mar\u00e7o, ao lado de outros quatro governadores, de audi\u00eancia p\u00fablica online com o presidente do Senado, Rodrigo Pacheco, e senadores que integram a Comiss\u00e3o Tempor\u00e1ria da Covid-19. Durante tr\u00eas horas, os gestores estaduais e parlamentares avaliaram a\u00e7\u00f5es de enfrentamento \u00e0 pandemia, incluindo a import\u00e2ncia de o pa\u00eds ter novas estrat\u00e9gias para acelerar a aquisi\u00e7\u00e3o da vacina contra o coronav\u00edrus. <\/p>\n\n\n\n<p>\u201cReforcei a import\u00e2ncia de termos uma coordena\u00e7\u00e3o nacional nesse enfrentamento \u00e0 pandemia, principalmente em quatro pontos fundamentais: celeridade na aquisi\u00e7\u00e3o e distribui\u00e7\u00e3o de vacina aos estados; credenciamento de novos leitos; financiamento da sa\u00fade e a\u00e7\u00f5es sociais para ajudar o povo brasileiro, como a aprova\u00e7\u00e3o do aux\u00edlio-emergencial&#8221;, disse Camilo Santana.<\/p>\n\n\n\n<p>Enquanto isso, o ministro da Sa\u00fade, Eduardo Pazuello, se mostra cada vez mais perdido na condu\u00e7\u00e3o do enfrentamento \u00e0 pandemia. Nesta quinta-feira, ele reduziu pela quinta vez a previs\u00e3o de vacinas para o Pa\u00eds no m\u00eas de mar\u00e7o. De 30 milh\u00f5es de doses, Pazuello diz que o Pa\u00eds vai dispor &#8220;de 22 a 25 milh\u00f5es&#8221;. Ainda resolveu negar a situa\u00e7\u00e3o de colapso na rede hospitalar. &#8220;N\u00e3o colapsou, nem vai colapsar&#8221;, afirmou o ministro da Sa\u00fade, indo de encontro ao dizem secret\u00e1rios de Sa\u00fade, prefeitos e governadores ao redor do Brasil. O presidente Jair Bolsonaro n\u00e3o fica atr\u00e1s. Voltou hoje a criticar o toque de recolher e as restri\u00e7\u00f5es de circula\u00e7\u00e3o implantadas nos estados. O Brasil caminha para 300 mil mortos at\u00e9 o fim de mar\u00e7o. &#8220;At\u00e9 quando n\u00f3s podemos aguentar essa irresponsabilidade do lockdown? Estou preocupado com vidas, sim\u201d, afirmou o presidente. T\u00e1 se vendo!<\/p>\n\n\n\n<figure class=\"wp-block-image size-large\"><img loading=\"lazy\" decoding=\"async\" width=\"1024\" height=\"576\" src=\"https:\/\/blogdorogeriogomes.com.br\/wp-content\/uploads\/2021\/03\/IMG-20210311-WA0111-1024x576.jpg\" alt=\"\" class=\"wp-image-20442\" srcset=\"https:\/\/blogdorogeriogomes.com.br\/noticias\/wp-content\/uploads\/2021\/03\/IMG-20210311-WA0111-1024x576.jpg 1024w, https:\/\/blogdorogeriogomes.com.br\/noticias\/wp-content\/uploads\/2021\/03\/IMG-20210311-WA0111-300x169.jpg 300w, https:\/\/blogdorogeriogomes.com.br\/noticias\/wp-content\/uploads\/2021\/03\/IMG-20210311-WA0111-768x432.jpg 768w, https:\/\/blogdorogeriogomes.com.br\/noticias\/wp-content\/uploads\/2021\/03\/IMG-20210311-WA0111-800x450.jpg 800w, https:\/\/blogdorogeriogomes.com.br\/noticias\/wp-content\/uploads\/2021\/03\/IMG-20210311-WA0111.jpg 1280w\" sizes=\"auto, (max-width: 1024px) 100vw, 1024px\" \/><\/figure>\n","protected":false},"excerpt":{"rendered":"<p>A escassez de vacina no Brasil, em conjunto com o quase colapso da rede hospitalar no Pa\u00eds, talvez seja a maior preocupa\u00e7\u00e3o de governadores e prefeitos. O governador do Cear\u00e1, Camilo Santana, participou nesta quinta-feira, dia 11 de mar\u00e7o, ao lado de outros quatro governadores, de audi\u00eancia p\u00fablica online com o presidente do Senado, Rodrigo Pacheco, e senadores que integram a Comiss\u00e3o Tempor\u00e1ria da Covid-19. Durante tr\u00eas horas, os gestores estaduais e parlamentares avaliaram a\u00e7\u00f5es de enfrentamento \u00e0 pandemia,&hellip;<\/p>\n","protected":false},"author":1,"featured_media":20442,"comment_status":"open","ping_status":"open","sticky":false,"template":"","format":"standard","meta":{"footnotes":""},"categories":[1],"tags":[],"class_list":["post-20441","post","type-post","status-publish","format-standard","has-post-thumbnail","hentry","category-noticias"],"_links":{"self":[{"href":"https:\/\/blogdorogeriogomes.com.br\/noticias\/wp-json\/wp\/v2\/posts\/20441","targetHints":{"allow":["GET"]}}],"collection":[{"href":"https:\/\/blogdorogeriogomes.com.br\/noticias\/wp-json\/wp\/v2\/posts"}],"about":[{"href":"https:\/\/blogdorogeriogomes.com.br\/noticias\/wp-json\/wp\/v2\/types\/post"}],"author":[{"embeddable":true,"href":"https:\/\/blogdorogeriogomes.com.br\/noticias\/wp-json\/wp\/v2\/users\/1"}],"replies":[{"embeddable":true,"href":"https:\/\/blogdorogeriogomes.com.br\/noticias\/wp-json\/wp\/v2\/comments?post=20441"}],"version-history":[{"count":1,"href":"https:\/\/blogdorogeriogomes.com.br\/noticias\/wp-json\/wp\/v2\/posts\/20441\/revisions"}],"predecessor-version":[{"id":20443,"href":"https:\/\/blogdorogeriogomes.com.br\/noticias\/wp-json\/wp\/v2\/posts\/20441\/revisions\/20443"}],"wp:featuredmedia":[{"embeddable":true,"href":"https:\/\/blogdorogeriogomes.com.br\/noticias\/wp-json\/wp\/v2\/media\/20442"}],"wp:attachment":[{"href":"https:\/\/blogdorogeriogomes.com.br\/noticias\/wp-json\/wp\/v2\/media?parent=20441"}],"wp:term":[{"taxonomy":"category","embeddable":true,"href":"https:\/\/blogdorogeriogomes.com.br\/noticias\/wp-json\/wp\/v2\/categories?post=20441"},{"taxonomy":"post_tag","embeddable":true,"href":"https:\/\/blogdorogeriogomes.com.br\/noticias\/wp-json\/wp\/v2\/tags?post=20441"}],"curies":[{"name":"wp","href":"https:\/\/api.w.org\/{rel}","templated":true}]}}