{"id":20444,"date":"2021-03-12T00:41:16","date_gmt":"2021-03-12T00:41:16","guid":{"rendered":"https:\/\/blogdorogeriogomes.com.br\/?p=20444"},"modified":"2021-03-12T12:13:23","modified_gmt":"2021-03-12T12:13:23","slug":"governo-do-ceara-estende-isolamento-rigido-para-todo-o-estado-a-partir-de-sabado","status":"publish","type":"post","link":"https:\/\/blogdorogeriogomes.com.br\/noticias\/2021\/03\/governo-do-ceara-estende-isolamento-rigido-para-todo-o-estado-a-partir-de-sabado\/","title":{"rendered":"Governo do Cear\u00e1 estende isolamento r\u00edgido para todo o Estado a partir de s\u00e1bado"},"content":{"rendered":"\n<p>O governador do Cear\u00e1, Camilo Santana (PT), ao lado do secret\u00e1rio de Sa\u00fade do Estado, Dr. Cabeto, anunciou nesta quinta-feira, dia 11 de mar\u00e7o, que o isolamento r\u00edgido que est\u00e1 em vigor em Fortaleza ser\u00e1 estendido para todos os munic\u00edpios do Estado, a partir de zero hora de s\u00e1bado, dia 13. A medida se deve ao agravamento da contamina\u00e7\u00e3o por Covid-19 no interior. Segundo ele, v\u00e1rios hospitais j\u00e1 est\u00e3o com fila de pacientes por leito de enfermaria ou de UTI.<\/p>\n\n\n\n<p>Com o isolamento r\u00edgido, s\u00f3 podem funcionar nos munic\u00edpios a ind\u00fastria, constru\u00e7\u00e3o civil e servi\u00e7os considerados essenciais. O novo decreto tamb\u00e9m estende o isolamento r\u00edgido em Fortaleza at\u00e9 o dia 21 de mar\u00e7o.<\/p>\n\n\n\n<p>Camilo Santana pediu compreens\u00e3o \u00e0 popula\u00e7\u00e3o diante do grave quadro da pandemia. &#8220;\u00c9 preciso apoio de todos. N\u00f3s vamos continuar ampliando leitos nos hospitais, buscando mais vacinas e procurando meios de ajudar financeiramente quem est\u00e1 prejudicado pela pandemia&#8221;, disse Camilo Santana.<\/p>\n\n\n\n<figure class=\"wp-block-image size-large\"><img loading=\"lazy\" decoding=\"async\" width=\"640\" height=\"479\" src=\"https:\/\/blogdorogeriogomes.com.br\/wp-content\/uploads\/2021\/03\/images-77.jpeg\" alt=\"\" class=\"wp-image-20445\" srcset=\"https:\/\/blogdorogeriogomes.com.br\/noticias\/wp-content\/uploads\/2021\/03\/images-77.jpeg 640w, https:\/\/blogdorogeriogomes.com.br\/noticias\/wp-content\/uploads\/2021\/03\/images-77-300x225.jpeg 300w, https:\/\/blogdorogeriogomes.com.br\/noticias\/wp-content\/uploads\/2021\/03\/images-77-400x300.jpeg 400w\" sizes=\"auto, (max-width: 640px) 100vw, 640px\" \/><\/figure>\n","protected":false},"excerpt":{"rendered":"<p>O governador do Cear\u00e1, Camilo Santana (PT), ao lado do secret\u00e1rio de Sa\u00fade do Estado, Dr. Cabeto, anunciou nesta quinta-feira, dia 11 de mar\u00e7o, que o isolamento r\u00edgido que est\u00e1 em vigor em Fortaleza ser\u00e1 estendido para todos os munic\u00edpios do Estado, a partir de zero hora de s\u00e1bado, dia 13. A medida se deve ao agravamento da contamina\u00e7\u00e3o por Covid-19 no interior. Segundo ele, v\u00e1rios hospitais j\u00e1 est\u00e3o com fila de pacientes por leito de enfermaria ou de&hellip;<\/p>\n","protected":false},"author":1,"featured_media":20445,"comment_status":"open","ping_status":"open","sticky":false,"template":"","format":"standard","meta":{"footnotes":""},"categories":[1],"tags":[],"class_list":["post-20444","post","type-post","status-publish","format-standard","has-post-thumbnail","hentry","category-noticias"],"_links":{"self":[{"href":"https:\/\/blogdorogeriogomes.com.br\/noticias\/wp-json\/wp\/v2\/posts\/20444","targetHints":{"allow":["GET"]}}],"collection":[{"href":"https:\/\/blogdorogeriogomes.com.br\/noticias\/wp-json\/wp\/v2\/posts"}],"about":[{"href":"https:\/\/blogdorogeriogomes.com.br\/noticias\/wp-json\/wp\/v2\/types\/post"}],"author":[{"embeddable":true,"href":"https:\/\/blogdorogeriogomes.com.br\/noticias\/wp-json\/wp\/v2\/users\/1"}],"replies":[{"embeddable":true,"href":"https:\/\/blogdorogeriogomes.com.br\/noticias\/wp-json\/wp\/v2\/comments?post=20444"}],"version-history":[{"count":1,"href":"https:\/\/blogdorogeriogomes.com.br\/noticias\/wp-json\/wp\/v2\/posts\/20444\/revisions"}],"predecessor-version":[{"id":20446,"href":"https:\/\/blogdorogeriogomes.com.br\/noticias\/wp-json\/wp\/v2\/posts\/20444\/revisions\/20446"}],"wp:featuredmedia":[{"embeddable":true,"href":"https:\/\/blogdorogeriogomes.com.br\/noticias\/wp-json\/wp\/v2\/media\/20445"}],"wp:attachment":[{"href":"https:\/\/blogdorogeriogomes.com.br\/noticias\/wp-json\/wp\/v2\/media?parent=20444"}],"wp:term":[{"taxonomy":"category","embeddable":true,"href":"https:\/\/blogdorogeriogomes.com.br\/noticias\/wp-json\/wp\/v2\/categories?post=20444"},{"taxonomy":"post_tag","embeddable":true,"href":"https:\/\/blogdorogeriogomes.com.br\/noticias\/wp-json\/wp\/v2\/tags?post=20444"}],"curies":[{"name":"wp","href":"https:\/\/api.w.org\/{rel}","templated":true}]}}