{"id":20447,"date":"2021-03-12T09:54:18","date_gmt":"2021-03-12T09:54:18","guid":{"rendered":"https:\/\/blogdorogeriogomes.com.br\/?p=20447"},"modified":"2021-03-12T12:13:11","modified_gmt":"2021-03-12T12:13:11","slug":"jose-sarto-lanca-pacote-de-ajuda-a-familias-de-baixa-e-para-setor-cultural-em-fortaleza","status":"publish","type":"post","link":"https:\/\/blogdorogeriogomes.com.br\/noticias\/2021\/03\/jose-sarto-lanca-pacote-de-ajuda-a-familias-de-baixa-e-para-setor-cultural-em-fortaleza\/","title":{"rendered":"Jos\u00e9 Sarto lan\u00e7a pacote de ajuda a fam\u00edlias de baixa e para setor cultural em Fortaleza"},"content":{"rendered":"\n<p>Com a expectativa de mais dias de isolamento r\u00edgido na Capital, o prefeito de Fortaleza, Jos\u00e9 Sarto, anunciou um pacote de a\u00e7\u00f5es de prote\u00e7\u00e3o social destinado \u00e0 popula\u00e7\u00e3o mais vulner\u00e1vel da Capital como medida de enfrentamento \u00e0 pandemia de Covid-19. Ser\u00e3o investidos mais de R$ 31 milh\u00f5es, beneficiando pelo menos 392 mil pessoas. Entre as a\u00e7\u00f5es, destacam-se o aux\u00edlio emergencial de R$ 200 (R$ 100 por dois meses) para profissionais do setor da Cultura e o aumento do benef\u00edcio do Cart\u00e3o Miss\u00e3o Inf\u00e2ncia, que passar\u00e1 de R$ 50 para R$ 100. As duas propostas precisam de aprova\u00e7\u00e3o da C\u00e2mara Municipal.<\/p>\n\n\n\n<p>Outra medida anunciada \u00e9 o aux\u00edlio emergencial de R$ 100 por dois meses para 5.496 empreendedores cadastrados no Munic\u00edpio: feirantes, ambulantes e artes\u00e3os, al\u00e9m de empreendedores cadastrados nos projetos Meu Carrinho Empreendedor, Mulher Empreendedora e Meu Bairro Empreendedor. A a\u00e7\u00e3o faz parte do Projeto Renda em Casa, que tamb\u00e9m ir\u00e1 distribuir uma cesta b\u00e1sica por dois meses para 30 mil pessoas, entre taxistas, mototaxistas e motoristas de transporte escolar, al\u00e9m de motoristas de aplicativos, carroceiros e catadores de recicl\u00e1veis.<\/p>\n\n\n\n<p>Pelos pr\u00f3ximos tr\u00eas meses, ser\u00e3o distribu\u00eddas 108 mil cestas b\u00e1sicas a fam\u00edlias de alta vulnerabilidade. Al\u00e9m disso, os 239 mil alunos matriculados na rede p\u00fablica municipal receber\u00e3o kits de alimenta\u00e7\u00e3o durante o per\u00edodo de suspens\u00e3o das aulas presenciais. Pelos pr\u00f3ximos quatro meses, ser\u00e3o entregues diariamente mil quentinhas e 400 sopas \u00e0s pessoas em situa\u00e7\u00e3o de rua e vulner\u00e1veis. A Prefeitura ir\u00e1 disponibilizar tamb\u00e9m locais de banho e dormit\u00f3rios para essa popula\u00e7\u00e3o e ir\u00e1 fazer a manuten\u00e7\u00e3o de tr\u00eas novos abrigos para atendimento de crian\u00e7as e adolescentes, pelo per\u00edodo de 12 meses.<\/p>\n\n\n\n<figure class=\"wp-block-image size-large\"><img loading=\"lazy\" decoding=\"async\" width=\"739\" height=\"415\" src=\"https:\/\/blogdorogeriogomes.com.br\/wp-content\/uploads\/2021\/03\/images-78.jpeg\" alt=\"\" class=\"wp-image-20448\" srcset=\"https:\/\/blogdorogeriogomes.com.br\/noticias\/wp-content\/uploads\/2021\/03\/images-78.jpeg 739w, https:\/\/blogdorogeriogomes.com.br\/noticias\/wp-content\/uploads\/2021\/03\/images-78-300x168.jpeg 300w\" sizes=\"auto, (max-width: 739px) 100vw, 739px\" \/><\/figure>\n","protected":false},"excerpt":{"rendered":"<p>Com a expectativa de mais dias de isolamento r\u00edgido na Capital, o prefeito de Fortaleza, Jos\u00e9 Sarto, anunciou um pacote de a\u00e7\u00f5es de prote\u00e7\u00e3o social destinado \u00e0 popula\u00e7\u00e3o mais vulner\u00e1vel da Capital como medida de enfrentamento \u00e0 pandemia de Covid-19. Ser\u00e3o investidos mais de R$ 31 milh\u00f5es, beneficiando pelo menos 392 mil pessoas. Entre as a\u00e7\u00f5es, destacam-se o aux\u00edlio emergencial de R$ 200 (R$ 100 por dois meses) para profissionais do setor da Cultura e o aumento do benef\u00edcio&hellip;<\/p>\n","protected":false},"author":1,"featured_media":20448,"comment_status":"open","ping_status":"open","sticky":false,"template":"","format":"standard","meta":{"footnotes":""},"categories":[1],"tags":[],"class_list":["post-20447","post","type-post","status-publish","format-standard","has-post-thumbnail","hentry","category-noticias"],"_links":{"self":[{"href":"https:\/\/blogdorogeriogomes.com.br\/noticias\/wp-json\/wp\/v2\/posts\/20447","targetHints":{"allow":["GET"]}}],"collection":[{"href":"https:\/\/blogdorogeriogomes.com.br\/noticias\/wp-json\/wp\/v2\/posts"}],"about":[{"href":"https:\/\/blogdorogeriogomes.com.br\/noticias\/wp-json\/wp\/v2\/types\/post"}],"author":[{"embeddable":true,"href":"https:\/\/blogdorogeriogomes.com.br\/noticias\/wp-json\/wp\/v2\/users\/1"}],"replies":[{"embeddable":true,"href":"https:\/\/blogdorogeriogomes.com.br\/noticias\/wp-json\/wp\/v2\/comments?post=20447"}],"version-history":[{"count":1,"href":"https:\/\/blogdorogeriogomes.com.br\/noticias\/wp-json\/wp\/v2\/posts\/20447\/revisions"}],"predecessor-version":[{"id":20449,"href":"https:\/\/blogdorogeriogomes.com.br\/noticias\/wp-json\/wp\/v2\/posts\/20447\/revisions\/20449"}],"wp:featuredmedia":[{"embeddable":true,"href":"https:\/\/blogdorogeriogomes.com.br\/noticias\/wp-json\/wp\/v2\/media\/20448"}],"wp:attachment":[{"href":"https:\/\/blogdorogeriogomes.com.br\/noticias\/wp-json\/wp\/v2\/media?parent=20447"}],"wp:term":[{"taxonomy":"category","embeddable":true,"href":"https:\/\/blogdorogeriogomes.com.br\/noticias\/wp-json\/wp\/v2\/categories?post=20447"},{"taxonomy":"post_tag","embeddable":true,"href":"https:\/\/blogdorogeriogomes.com.br\/noticias\/wp-json\/wp\/v2\/tags?post=20447"}],"curies":[{"name":"wp","href":"https:\/\/api.w.org\/{rel}","templated":true}]}}