{"id":20450,"date":"2021-03-12T20:00:04","date_gmt":"2021-03-12T20:00:04","guid":{"rendered":"https:\/\/blogdorogeriogomes.com.br\/?p=20450"},"modified":"2021-03-15T16:49:46","modified_gmt":"2021-03-15T16:49:46","slug":"stf-fachin-considera-inconstitucional-decreto-de-jair-bolsonaro-que-amplia-posse-de-armas-de-fogo","status":"publish","type":"post","link":"https:\/\/blogdorogeriogomes.com.br\/noticias\/2021\/03\/stf-fachin-considera-inconstitucional-decreto-de-jair-bolsonaro-que-amplia-posse-de-armas-de-fogo\/","title":{"rendered":"STF: Fachin considera inconstitucional decreto de Jair Bolsonaro que amplia posse de armas de fogo"},"content":{"rendered":"\n<p>Em vota\u00e7\u00e3o do Supremo Tribunal Federal (STF) desta sexta-feira, dia 12 de mar\u00e7o, o ministro Eduardo Fachin se manifestou contr\u00e1rio ao decreto presidencial que amplia e facilita a aquisi\u00e7\u00e3o de armas de fogo. Segundo Fachin, a medida do presidente Jair Bolsonaro, apresentada em 2019, \u00e9 inconstitucional por determinar que a Pol\u00edcia Federal deve presumir a veracidade da declara\u00e7\u00e3o de efetiva necessidade de cada um dos interessados em adquirir uma arma.<\/p>\n\n\n\n<p>&#8220;A posse de armas de fogo s\u00f3 pode ser autorizada \u00e0s pessoas que demonstrem concretamente, por raz\u00f5es profissionais ou pessoais, possu\u00edrem efetiva necessidade&#8221;, argumentou o ministro. Fachin alegou ainda que a a\u00e7\u00e3o do presidente &#8220;extrapola a lei que adjetiva a &#8216;efetiva&#8217; necessidade, transformando-a em uma necessidade apenas presumida, sem lastro s\u00f3lido na realidade dos fatos&#8221;.<\/p>\n\n\n\n<p>Os ministros julgam ao longo dos pr\u00f3ximos dias a a\u00e7\u00e3o direta de inconstitucionalidade (ADI) do Decreto 9.845 de 2019. O julgamento da pauta teve in\u00edcio nesta sexta-feira e tem prazo para apresenta\u00e7\u00e3o de votos at\u00e9 o fim do dia 19 de mar\u00e7o. Fachin foi o primeiro a relatar o voto sobre a quest\u00e3o.<\/p>\n\n\n\n<figure class=\"wp-block-image size-large\"><img loading=\"lazy\" decoding=\"async\" width=\"678\" height=\"452\" src=\"https:\/\/blogdorogeriogomes.com.br\/wp-content\/uploads\/2021\/03\/images-79.jpeg\" alt=\"\" class=\"wp-image-20451\" srcset=\"https:\/\/blogdorogeriogomes.com.br\/noticias\/wp-content\/uploads\/2021\/03\/images-79.jpeg 678w, https:\/\/blogdorogeriogomes.com.br\/noticias\/wp-content\/uploads\/2021\/03\/images-79-300x200.jpeg 300w\" sizes=\"auto, (max-width: 678px) 100vw, 678px\" \/><\/figure>\n","protected":false},"excerpt":{"rendered":"<p>Em vota\u00e7\u00e3o do Supremo Tribunal Federal (STF) desta sexta-feira, dia 12 de mar\u00e7o, o ministro Eduardo Fachin se manifestou contr\u00e1rio ao decreto presidencial que amplia e facilita a aquisi\u00e7\u00e3o de armas de fogo. Segundo Fachin, a medida do presidente Jair Bolsonaro, apresentada em 2019, \u00e9 inconstitucional por determinar que a Pol\u00edcia Federal deve presumir a veracidade da declara\u00e7\u00e3o de efetiva necessidade de cada um dos interessados em adquirir uma arma. &#8220;A posse de armas de fogo s\u00f3 pode ser&hellip;<\/p>\n","protected":false},"author":1,"featured_media":20451,"comment_status":"open","ping_status":"open","sticky":false,"template":"","format":"standard","meta":{"footnotes":""},"categories":[1],"tags":[],"class_list":["post-20450","post","type-post","status-publish","format-standard","has-post-thumbnail","hentry","category-noticias"],"_links":{"self":[{"href":"https:\/\/blogdorogeriogomes.com.br\/noticias\/wp-json\/wp\/v2\/posts\/20450","targetHints":{"allow":["GET"]}}],"collection":[{"href":"https:\/\/blogdorogeriogomes.com.br\/noticias\/wp-json\/wp\/v2\/posts"}],"about":[{"href":"https:\/\/blogdorogeriogomes.com.br\/noticias\/wp-json\/wp\/v2\/types\/post"}],"author":[{"embeddable":true,"href":"https:\/\/blogdorogeriogomes.com.br\/noticias\/wp-json\/wp\/v2\/users\/1"}],"replies":[{"embeddable":true,"href":"https:\/\/blogdorogeriogomes.com.br\/noticias\/wp-json\/wp\/v2\/comments?post=20450"}],"version-history":[{"count":1,"href":"https:\/\/blogdorogeriogomes.com.br\/noticias\/wp-json\/wp\/v2\/posts\/20450\/revisions"}],"predecessor-version":[{"id":20452,"href":"https:\/\/blogdorogeriogomes.com.br\/noticias\/wp-json\/wp\/v2\/posts\/20450\/revisions\/20452"}],"wp:featuredmedia":[{"embeddable":true,"href":"https:\/\/blogdorogeriogomes.com.br\/noticias\/wp-json\/wp\/v2\/media\/20451"}],"wp:attachment":[{"href":"https:\/\/blogdorogeriogomes.com.br\/noticias\/wp-json\/wp\/v2\/media?parent=20450"}],"wp:term":[{"taxonomy":"category","embeddable":true,"href":"https:\/\/blogdorogeriogomes.com.br\/noticias\/wp-json\/wp\/v2\/categories?post=20450"},{"taxonomy":"post_tag","embeddable":true,"href":"https:\/\/blogdorogeriogomes.com.br\/noticias\/wp-json\/wp\/v2\/tags?post=20450"}],"curies":[{"name":"wp","href":"https:\/\/api.w.org\/{rel}","templated":true}]}}