{"id":20453,"date":"2021-03-12T20:19:34","date_gmt":"2021-03-12T20:19:34","guid":{"rendered":"https:\/\/blogdorogeriogomes.com.br\/?p=20453"},"modified":"2021-03-15T16:49:38","modified_gmt":"2021-03-15T16:49:38","slug":"apesar-da-alta-ocupacao-de-leitos-jose-sarto-descarta-reativacao-de-hospital-de-campanha-do-pv","status":"publish","type":"post","link":"https:\/\/blogdorogeriogomes.com.br\/noticias\/2021\/03\/apesar-da-alta-ocupacao-de-leitos-jose-sarto-descarta-reativacao-de-hospital-de-campanha-do-pv\/","title":{"rendered":"Apesar da alta ocupa\u00e7\u00e3o de leitos, Jos\u00e9 Sarto descarta reativa\u00e7\u00e3o de Hospital de Campanha do PV"},"content":{"rendered":"\n<p>O prefeito de Fortaleza, Sarto Nogueira (PDT), afirmou nesta sexta-feira (12) que n\u00e3o est\u00e1 nos planos da gest\u00e3o municipal a reativa\u00e7\u00e3o do Hospital de Campanha do Est\u00e1dio Presidente Vargas. A justificativa do pedetista \u00e9 de que a rede de leitos de UTI foi expandida em n\u00famero superior ao que antes existia no equipamento montado no espa\u00e7o esportivo.<\/p>\n\n\n\n<p>&#8220;Por enquanto, descarto. Desde que assumi, no final da gest\u00e3o de Roberto Cl\u00e1udio, o Hospital foi desativado. Se houver necessidade, faremos. Mas s\u00f3 quero mostrar que, paralelamente, a Prefeitura foi reformando e ampliando Gonzaguinhas, Frotinhas e concluiu o IJF 2&#8221;, comentou em entrevista \u00e0 R\u00e1dio O POVO\/CBN.<\/p>\n\n\n\n<p>Ainda nesta sexta-feira, a Secretaria da Sa\u00fade de Fortaleza alertou que a Capital tem hoje o total de 10 hospitais com UTIs lotadas, com risco de faltar novos leitos &#8220;a qualquer momento&#8221;, segundo palavras da secret\u00e1ria da pasta, Ana Estela Leite. De acordo com o IntegraSUS, Fortaleza tem 93,02% dos seus leitos ocupados. O Cear\u00e1 computa 456.948 casos de Covid-19 at\u00e9 o momento, com 12.087 mortes registradas.<\/p>\n\n\n\n<figure class=\"wp-block-image size-large\"><img loading=\"lazy\" decoding=\"async\" width=\"678\" height=\"452\" src=\"https:\/\/blogdorogeriogomes.com.br\/wp-content\/uploads\/2021\/03\/images-80.jpeg\" alt=\"\" class=\"wp-image-20454\" srcset=\"https:\/\/blogdorogeriogomes.com.br\/noticias\/wp-content\/uploads\/2021\/03\/images-80.jpeg 678w, https:\/\/blogdorogeriogomes.com.br\/noticias\/wp-content\/uploads\/2021\/03\/images-80-300x200.jpeg 300w\" sizes=\"auto, (max-width: 678px) 100vw, 678px\" \/><\/figure>\n","protected":false},"excerpt":{"rendered":"<p>O prefeito de Fortaleza, Sarto Nogueira (PDT), afirmou nesta sexta-feira (12) que n\u00e3o est\u00e1 nos planos da gest\u00e3o municipal a reativa\u00e7\u00e3o do Hospital de Campanha do Est\u00e1dio Presidente Vargas. A justificativa do pedetista \u00e9 de que a rede de leitos de UTI foi expandida em n\u00famero superior ao que antes existia no equipamento montado no espa\u00e7o esportivo. &#8220;Por enquanto, descarto. Desde que assumi, no final da gest\u00e3o de Roberto Cl\u00e1udio, o Hospital foi desativado. Se houver necessidade, faremos. Mas&hellip;<\/p>\n","protected":false},"author":1,"featured_media":20454,"comment_status":"open","ping_status":"open","sticky":false,"template":"","format":"standard","meta":{"footnotes":""},"categories":[1],"tags":[],"class_list":["post-20453","post","type-post","status-publish","format-standard","has-post-thumbnail","hentry","category-noticias"],"_links":{"self":[{"href":"https:\/\/blogdorogeriogomes.com.br\/noticias\/wp-json\/wp\/v2\/posts\/20453","targetHints":{"allow":["GET"]}}],"collection":[{"href":"https:\/\/blogdorogeriogomes.com.br\/noticias\/wp-json\/wp\/v2\/posts"}],"about":[{"href":"https:\/\/blogdorogeriogomes.com.br\/noticias\/wp-json\/wp\/v2\/types\/post"}],"author":[{"embeddable":true,"href":"https:\/\/blogdorogeriogomes.com.br\/noticias\/wp-json\/wp\/v2\/users\/1"}],"replies":[{"embeddable":true,"href":"https:\/\/blogdorogeriogomes.com.br\/noticias\/wp-json\/wp\/v2\/comments?post=20453"}],"version-history":[{"count":1,"href":"https:\/\/blogdorogeriogomes.com.br\/noticias\/wp-json\/wp\/v2\/posts\/20453\/revisions"}],"predecessor-version":[{"id":20455,"href":"https:\/\/blogdorogeriogomes.com.br\/noticias\/wp-json\/wp\/v2\/posts\/20453\/revisions\/20455"}],"wp:featuredmedia":[{"embeddable":true,"href":"https:\/\/blogdorogeriogomes.com.br\/noticias\/wp-json\/wp\/v2\/media\/20454"}],"wp:attachment":[{"href":"https:\/\/blogdorogeriogomes.com.br\/noticias\/wp-json\/wp\/v2\/media?parent=20453"}],"wp:term":[{"taxonomy":"category","embeddable":true,"href":"https:\/\/blogdorogeriogomes.com.br\/noticias\/wp-json\/wp\/v2\/categories?post=20453"},{"taxonomy":"post_tag","embeddable":true,"href":"https:\/\/blogdorogeriogomes.com.br\/noticias\/wp-json\/wp\/v2\/tags?post=20453"}],"curies":[{"name":"wp","href":"https:\/\/api.w.org\/{rel}","templated":true}]}}