{"id":20475,"date":"2021-03-15T23:02:02","date_gmt":"2021-03-15T23:02:02","guid":{"rendered":"https:\/\/blogdorogeriogomes.com.br\/?p=20475"},"modified":"2021-03-16T15:26:15","modified_gmt":"2021-03-16T15:26:15","slug":"marcelo-queiroga-sera-o-substituto-de-eduardo-pazuello-na-saude-diz-bolsonaro","status":"publish","type":"post","link":"https:\/\/blogdorogeriogomes.com.br\/noticias\/2021\/03\/marcelo-queiroga-sera-o-substituto-de-eduardo-pazuello-na-saude-diz-bolsonaro\/","title":{"rendered":"Marcelo Queiroga ser\u00e1 o substituto de Eduardo Pazuello na Sa\u00fade, diz Bolsonaro"},"content":{"rendered":"\n<p>Depois da desist\u00eancia da cardiologista Ludhmila Hajjar em aceitar o cargo de Ministro da Sa\u00fade no lugar do General Eduardo Pazuello, o presidente da Sociedade Brasileira de Cardiologia, Marcelo Queiroga ser\u00e1 o quarto ministro da Sa\u00fade desde o come\u00e7o da pandemia de Covid-19, h\u00e1 pouco mais de um ano. Ele aceitou o convite do presidente Jair Bolsonaro, feito em reuni\u00e3o na tarde desta segunda-feira, dia 15 de mar\u00e7o, em Bras\u00edlia. A m\u00e9dica Ludhmila Hajjar diz n\u00e3o ter aceitado o cargo, porque n\u00e3o concorda com as ideias de Bolsonaro de agir contra o isolamento social e investir em tratamento precoce da doen\u00e7a com rem\u00e9dios ineficazes, j\u00e1 comprovados pela Ci\u00eancia m\u00e9dica. Por pensar diferente do presidente, Ludhmila diz ter recebido at\u00e9 amea\u00e7as de morte de bolsonaristas pelas redes sociais.<\/p>\n\n\n\n<p>O Brasil acumula mais de 278 mil mortes em raz\u00e3o da doen\u00e7a e a condu\u00e7\u00e3o de Eduardo Pazuello \u00e0 frente do Minist\u00e9rio da Sa\u00fade se mostra desastrosa, com falta de leitos habilitados pela Uni\u00e3o nos estados e ritmo lento na campanha de vacina\u00e7\u00e3o no Pa\u00eds, por falta de planejamento do Governo Federal na compra dos imunizantes. Desde o in\u00edcio da pandemia, j\u00e1 comandaram o Minist\u00e9rio da Sa\u00fade, o m\u00e9dico e ex-deputado Luiz Henrique Mandetta (DEM-MS) e o m\u00e9dico Nelson Teich. Ambos sa\u00edram porque n\u00e3o suportaram o negacionismo de Bolsonaro diante do enfrentamento \u00e0 Covid-19.<\/p>\n\n\n\n<figure class=\"wp-block-image size-large\"><img loading=\"lazy\" decoding=\"async\" width=\"984\" height=\"534\" src=\"https:\/\/blogdorogeriogomes.com.br\/wp-content\/uploads\/2021\/03\/marceloqueiroga.jpg\" alt=\"\" class=\"wp-image-20476\" srcset=\"https:\/\/blogdorogeriogomes.com.br\/noticias\/wp-content\/uploads\/2021\/03\/marceloqueiroga.jpg 984w, https:\/\/blogdorogeriogomes.com.br\/noticias\/wp-content\/uploads\/2021\/03\/marceloqueiroga-300x163.jpg 300w, https:\/\/blogdorogeriogomes.com.br\/noticias\/wp-content\/uploads\/2021\/03\/marceloqueiroga-768x417.jpg 768w, https:\/\/blogdorogeriogomes.com.br\/noticias\/wp-content\/uploads\/2021\/03\/marceloqueiroga-800x434.jpg 800w\" sizes=\"auto, (max-width: 984px) 100vw, 984px\" \/><\/figure>\n","protected":false},"excerpt":{"rendered":"<p>Depois da desist\u00eancia da cardiologista Ludhmila Hajjar em aceitar o cargo de Ministro da Sa\u00fade no lugar do General Eduardo Pazuello, o presidente da Sociedade Brasileira de Cardiologia, Marcelo Queiroga ser\u00e1 o quarto ministro da Sa\u00fade desde o come\u00e7o da pandemia de Covid-19, h\u00e1 pouco mais de um ano. Ele aceitou o convite do presidente Jair Bolsonaro, feito em reuni\u00e3o na tarde desta segunda-feira, dia 15 de mar\u00e7o, em Bras\u00edlia. A m\u00e9dica Ludhmila Hajjar diz n\u00e3o ter aceitado o&hellip;<\/p>\n","protected":false},"author":1,"featured_media":20476,"comment_status":"open","ping_status":"open","sticky":false,"template":"","format":"standard","meta":{"footnotes":""},"categories":[1],"tags":[],"class_list":["post-20475","post","type-post","status-publish","format-standard","has-post-thumbnail","hentry","category-noticias"],"_links":{"self":[{"href":"https:\/\/blogdorogeriogomes.com.br\/noticias\/wp-json\/wp\/v2\/posts\/20475","targetHints":{"allow":["GET"]}}],"collection":[{"href":"https:\/\/blogdorogeriogomes.com.br\/noticias\/wp-json\/wp\/v2\/posts"}],"about":[{"href":"https:\/\/blogdorogeriogomes.com.br\/noticias\/wp-json\/wp\/v2\/types\/post"}],"author":[{"embeddable":true,"href":"https:\/\/blogdorogeriogomes.com.br\/noticias\/wp-json\/wp\/v2\/users\/1"}],"replies":[{"embeddable":true,"href":"https:\/\/blogdorogeriogomes.com.br\/noticias\/wp-json\/wp\/v2\/comments?post=20475"}],"version-history":[{"count":1,"href":"https:\/\/blogdorogeriogomes.com.br\/noticias\/wp-json\/wp\/v2\/posts\/20475\/revisions"}],"predecessor-version":[{"id":20477,"href":"https:\/\/blogdorogeriogomes.com.br\/noticias\/wp-json\/wp\/v2\/posts\/20475\/revisions\/20477"}],"wp:featuredmedia":[{"embeddable":true,"href":"https:\/\/blogdorogeriogomes.com.br\/noticias\/wp-json\/wp\/v2\/media\/20476"}],"wp:attachment":[{"href":"https:\/\/blogdorogeriogomes.com.br\/noticias\/wp-json\/wp\/v2\/media?parent=20475"}],"wp:term":[{"taxonomy":"category","embeddable":true,"href":"https:\/\/blogdorogeriogomes.com.br\/noticias\/wp-json\/wp\/v2\/categories?post=20475"},{"taxonomy":"post_tag","embeddable":true,"href":"https:\/\/blogdorogeriogomes.com.br\/noticias\/wp-json\/wp\/v2\/tags?post=20475"}],"curies":[{"name":"wp","href":"https:\/\/api.w.org\/{rel}","templated":true}]}}