{"id":20478,"date":"2021-03-16T09:51:17","date_gmt":"2021-03-16T09:51:17","guid":{"rendered":"https:\/\/blogdorogeriogomes.com.br\/?p=20478"},"modified":"2021-03-16T15:26:05","modified_gmt":"2021-03-16T15:26:05","slug":"jose-sarto-envia-a-camara-municipal-tres-projetos-de-protecao-social-seguranca-alimentar-e-renda-minima","status":"publish","type":"post","link":"https:\/\/blogdorogeriogomes.com.br\/noticias\/2021\/03\/jose-sarto-envia-a-camara-municipal-tres-projetos-de-protecao-social-seguranca-alimentar-e-renda-minima\/","title":{"rendered":"Jos\u00e9 Sarto envia \u00e0 C\u00e2mara Municipal tr\u00eas projetos de prote\u00e7\u00e3o social, seguran\u00e7a alimentar e renda m\u00ednima"},"content":{"rendered":"\n<p>O prefeito de Fortaleza, Jos\u00e9 Sarto (PDT), encaminhou \u00e0 C\u00e2mara de Vereadores, nesta segunda-feira, dia 15 de mar\u00e7o, tr\u00eas projetos de lei que comp\u00f5em o pacote de aux\u00edlio econ\u00f4mico e seguran\u00e7a alimentar destinado \u00e0 popula\u00e7\u00e3o mais vulner\u00e1vel da Capital. <\/p>\n\n\n\n<p>Entre as mensagens, est\u00e1 a que prop\u00f5e a amplia\u00e7\u00e3o do benef\u00edcio do Cart\u00e3o Miss\u00e3o Inf\u00e2ncia de R$ 50 para R$ 100 por tr\u00eas meses. A medida atender\u00e1 aproximadamente 6 mil fam\u00edlias de renda zero cadastradas no Bolsa Fam\u00edlia, que t\u00eam crian\u00e7as de at\u00e9 3 anos.<\/p>\n\n\n\n<p>Tamb\u00e9m foi enviada a mensagem que trata sobre a concess\u00e3o de aux\u00edlio emergencial de R$ 100,00 por 2 meses, beneficiando 5.496 empreendedores cadastrados no Munic\u00edpio. A proposta prev\u00ea ainda a entrega de 30 mil cestas b\u00e1sicas por 2 meses para taxistas, mototaxistas, motoristas de aplicativo e transporte escolar, al\u00e9m de carroceiros e catadores de recicl\u00e1veis.<\/p>\n\n\n\n<p>Os vereadores apreciar\u00e3o ainda a mensagem que visa conceder aux\u00edlio emergencial de R$ 100 por dois meses para 3.729 profissionais do setor cultural.<\/p>\n\n\n\n<p>As tr\u00eas mensagens comp\u00f5em pacote de a\u00e7\u00f5es de prote\u00e7\u00e3o social que beneficiar\u00e1, ao todo, 392 mil pessoas e contar\u00e1 com investimento de mais de R$ 31 milh\u00f5es. <\/p>\n\n\n\n<figure class=\"wp-block-image size-large\"><img loading=\"lazy\" decoding=\"async\" width=\"1024\" height=\"602\" src=\"https:\/\/blogdorogeriogomes.com.br\/wp-content\/uploads\/2021\/03\/IMG-20210315-WA0135-1024x602.jpg\" alt=\"\" class=\"wp-image-20479\" srcset=\"https:\/\/blogdorogeriogomes.com.br\/noticias\/wp-content\/uploads\/2021\/03\/IMG-20210315-WA0135-1024x602.jpg 1024w, https:\/\/blogdorogeriogomes.com.br\/noticias\/wp-content\/uploads\/2021\/03\/IMG-20210315-WA0135-300x176.jpg 300w, https:\/\/blogdorogeriogomes.com.br\/noticias\/wp-content\/uploads\/2021\/03\/IMG-20210315-WA0135-768x451.jpg 768w, https:\/\/blogdorogeriogomes.com.br\/noticias\/wp-content\/uploads\/2021\/03\/IMG-20210315-WA0135-800x470.jpg 800w, https:\/\/blogdorogeriogomes.com.br\/noticias\/wp-content\/uploads\/2021\/03\/IMG-20210315-WA0135.jpg 1280w\" sizes=\"auto, (max-width: 1024px) 100vw, 1024px\" \/><\/figure>\n\n\n\n<p><\/p>\n","protected":false},"excerpt":{"rendered":"<p>O prefeito de Fortaleza, Jos\u00e9 Sarto (PDT), encaminhou \u00e0 C\u00e2mara de Vereadores, nesta segunda-feira, dia 15 de mar\u00e7o, tr\u00eas projetos de lei que comp\u00f5em o pacote de aux\u00edlio econ\u00f4mico e seguran\u00e7a alimentar destinado \u00e0 popula\u00e7\u00e3o mais vulner\u00e1vel da Capital. Entre as mensagens, est\u00e1 a que prop\u00f5e a amplia\u00e7\u00e3o do benef\u00edcio do Cart\u00e3o Miss\u00e3o Inf\u00e2ncia de R$ 50 para R$ 100 por tr\u00eas meses. A medida atender\u00e1 aproximadamente 6 mil fam\u00edlias de renda zero cadastradas no Bolsa Fam\u00edlia, que t\u00eam&hellip;<\/p>\n","protected":false},"author":1,"featured_media":20479,"comment_status":"open","ping_status":"open","sticky":false,"template":"","format":"standard","meta":{"footnotes":""},"categories":[1],"tags":[],"class_list":["post-20478","post","type-post","status-publish","format-standard","has-post-thumbnail","hentry","category-noticias"],"_links":{"self":[{"href":"https:\/\/blogdorogeriogomes.com.br\/noticias\/wp-json\/wp\/v2\/posts\/20478","targetHints":{"allow":["GET"]}}],"collection":[{"href":"https:\/\/blogdorogeriogomes.com.br\/noticias\/wp-json\/wp\/v2\/posts"}],"about":[{"href":"https:\/\/blogdorogeriogomes.com.br\/noticias\/wp-json\/wp\/v2\/types\/post"}],"author":[{"embeddable":true,"href":"https:\/\/blogdorogeriogomes.com.br\/noticias\/wp-json\/wp\/v2\/users\/1"}],"replies":[{"embeddable":true,"href":"https:\/\/blogdorogeriogomes.com.br\/noticias\/wp-json\/wp\/v2\/comments?post=20478"}],"version-history":[{"count":1,"href":"https:\/\/blogdorogeriogomes.com.br\/noticias\/wp-json\/wp\/v2\/posts\/20478\/revisions"}],"predecessor-version":[{"id":20480,"href":"https:\/\/blogdorogeriogomes.com.br\/noticias\/wp-json\/wp\/v2\/posts\/20478\/revisions\/20480"}],"wp:featuredmedia":[{"embeddable":true,"href":"https:\/\/blogdorogeriogomes.com.br\/noticias\/wp-json\/wp\/v2\/media\/20479"}],"wp:attachment":[{"href":"https:\/\/blogdorogeriogomes.com.br\/noticias\/wp-json\/wp\/v2\/media?parent=20478"}],"wp:term":[{"taxonomy":"category","embeddable":true,"href":"https:\/\/blogdorogeriogomes.com.br\/noticias\/wp-json\/wp\/v2\/categories?post=20478"},{"taxonomy":"post_tag","embeddable":true,"href":"https:\/\/blogdorogeriogomes.com.br\/noticias\/wp-json\/wp\/v2\/tags?post=20478"}],"curies":[{"name":"wp","href":"https:\/\/api.w.org\/{rel}","templated":true}]}}