{"id":20485,"date":"2021-03-16T16:57:55","date_gmt":"2021-03-16T16:57:55","guid":{"rendered":"https:\/\/blogdorogeriogomes.com.br\/?p=20485"},"modified":"2021-03-17T11:59:54","modified_gmt":"2021-03-17T11:59:54","slug":"casos-de-covid-19-continuam-a-subir-e-fortaleza-sofre-colapso-em-hospitais-particulares","status":"publish","type":"post","link":"https:\/\/blogdorogeriogomes.com.br\/noticias\/2021\/03\/casos-de-covid-19-continuam-a-subir-e-fortaleza-sofre-colapso-em-hospitais-particulares\/","title":{"rendered":"Casos de Covid-19 continuam a subir e Fortaleza sofre colapso em hospitais particulares"},"content":{"rendered":"\n<p>Em transmiss\u00e3o ao vivo pelas redes sociais, na manh\u00e3 desta ter\u00e7a-feira, dia 16 de mar\u00e7o, o secret\u00e1rio da Sa\u00fade do Cear\u00e1, Dr. Cabeto, informou que todos os hospitais particulares de Fortaleza colapsaram devido ao alto n\u00famero de interna\u00e7\u00f5es por casos de Covid-19. O titular da Sesa disse ainda que os hospitais privados buscam diariamente ajuda da pasta para encontrar solu\u00e7\u00f5es emergenciais diante do cen\u00e1rio cr\u00edtico.<\/p>\n\n\n\n<p>Para Cabeto, \u00e9 preciso investir agora na integra\u00e7\u00e3o entre os sistemas p\u00fablico e privado. &#8220;Essa integra\u00e7\u00e3o do Cear\u00e1 como um todo, agora, \u00e9 o mais importante. O mais importante agora \u00e9 olhar pras quest\u00f5es t\u00e9cnicas e humanas, fazer as duas coisas de uma maneira harm\u00f4nica, hist\u00f3rica e bem colocada, pra que a gente tenha um bom resultado&#8221;. Nas unidades p\u00fablicas, hoje s\u00e3o cerca de 900 pacientes internados com o novo coronav\u00edrus. Junto ao governador Camilo Santana (PT), Cabeto acompanhou obras de montagem das unidades de campanha do Hospital Geral de Fortaleza (HGF), onde ser\u00e3o disponibilizadas tentas com at\u00e9 103 novos leitos. Destes, 35 j\u00e1 estar\u00e3o dispon\u00edveis nesta ter\u00e7a-feira.<\/p>\n\n\n\n<p>Exemplo da situa\u00e7\u00e3o calamitosa \u00e9 o quadro de lota\u00e7\u00e3o enfrentado pela rede de atendimento da Unimed na Capital. O m\u00e9dico e presidente da cooperativa, Elias Leite, informou no in\u00edcio desta semana que os hospitais atravessam o pior momento. &#8220;A nossa capacidade de expans\u00e3o j\u00e1 est\u00e1 chegando ao limite ou at\u00e9 j\u00e1 passando do limite&#8221;, disse. O Cear\u00e1 registrou 5 mil novos casos de Covid-19 desde a \u00faltima segunda-feira, chega do a 478 mil casos confirmados. At\u00e9 o momento, 12.394 mortes pelo v\u00edrus ocorreram no Estado.<\/p>\n\n\n\n<figure class=\"wp-block-image size-large\"><img loading=\"lazy\" decoding=\"async\" width=\"670\" height=\"458\" src=\"https:\/\/blogdorogeriogomes.com.br\/wp-content\/uploads\/2021\/03\/images-89.jpeg\" alt=\"\" class=\"wp-image-20486\" srcset=\"https:\/\/blogdorogeriogomes.com.br\/noticias\/wp-content\/uploads\/2021\/03\/images-89.jpeg 670w, https:\/\/blogdorogeriogomes.com.br\/noticias\/wp-content\/uploads\/2021\/03\/images-89-300x205.jpeg 300w\" sizes=\"auto, (max-width: 670px) 100vw, 670px\" \/><\/figure>\n","protected":false},"excerpt":{"rendered":"<p>Em transmiss\u00e3o ao vivo pelas redes sociais, na manh\u00e3 desta ter\u00e7a-feira, dia 16 de mar\u00e7o, o secret\u00e1rio da Sa\u00fade do Cear\u00e1, Dr. Cabeto, informou que todos os hospitais particulares de Fortaleza colapsaram devido ao alto n\u00famero de interna\u00e7\u00f5es por casos de Covid-19. O titular da Sesa disse ainda que os hospitais privados buscam diariamente ajuda da pasta para encontrar solu\u00e7\u00f5es emergenciais diante do cen\u00e1rio cr\u00edtico. Para Cabeto, \u00e9 preciso investir agora na integra\u00e7\u00e3o entre os sistemas p\u00fablico e privado.&hellip;<\/p>\n","protected":false},"author":1,"featured_media":20486,"comment_status":"open","ping_status":"open","sticky":false,"template":"","format":"standard","meta":{"footnotes":""},"categories":[1],"tags":[],"class_list":["post-20485","post","type-post","status-publish","format-standard","has-post-thumbnail","hentry","category-noticias"],"_links":{"self":[{"href":"https:\/\/blogdorogeriogomes.com.br\/noticias\/wp-json\/wp\/v2\/posts\/20485","targetHints":{"allow":["GET"]}}],"collection":[{"href":"https:\/\/blogdorogeriogomes.com.br\/noticias\/wp-json\/wp\/v2\/posts"}],"about":[{"href":"https:\/\/blogdorogeriogomes.com.br\/noticias\/wp-json\/wp\/v2\/types\/post"}],"author":[{"embeddable":true,"href":"https:\/\/blogdorogeriogomes.com.br\/noticias\/wp-json\/wp\/v2\/users\/1"}],"replies":[{"embeddable":true,"href":"https:\/\/blogdorogeriogomes.com.br\/noticias\/wp-json\/wp\/v2\/comments?post=20485"}],"version-history":[{"count":1,"href":"https:\/\/blogdorogeriogomes.com.br\/noticias\/wp-json\/wp\/v2\/posts\/20485\/revisions"}],"predecessor-version":[{"id":20487,"href":"https:\/\/blogdorogeriogomes.com.br\/noticias\/wp-json\/wp\/v2\/posts\/20485\/revisions\/20487"}],"wp:featuredmedia":[{"embeddable":true,"href":"https:\/\/blogdorogeriogomes.com.br\/noticias\/wp-json\/wp\/v2\/media\/20486"}],"wp:attachment":[{"href":"https:\/\/blogdorogeriogomes.com.br\/noticias\/wp-json\/wp\/v2\/media?parent=20485"}],"wp:term":[{"taxonomy":"category","embeddable":true,"href":"https:\/\/blogdorogeriogomes.com.br\/noticias\/wp-json\/wp\/v2\/categories?post=20485"},{"taxonomy":"post_tag","embeddable":true,"href":"https:\/\/blogdorogeriogomes.com.br\/noticias\/wp-json\/wp\/v2\/tags?post=20485"}],"curies":[{"name":"wp","href":"https:\/\/api.w.org\/{rel}","templated":true}]}}