{"id":20488,"date":"2021-03-16T19:26:51","date_gmt":"2021-03-16T19:26:51","guid":{"rendered":"https:\/\/blogdorogeriogomes.com.br\/?p=20488"},"modified":"2021-03-17T11:59:41","modified_gmt":"2021-03-17T11:59:41","slug":"mudanca-de-bolsonaro-na-saude-frustra-ate-aliados-centrao-acende-sinal-de-alerta","status":"publish","type":"post","link":"https:\/\/blogdorogeriogomes.com.br\/noticias\/2021\/03\/mudanca-de-bolsonaro-na-saude-frustra-ate-aliados-centrao-acende-sinal-de-alerta\/","title":{"rendered":"Mudan\u00e7a de Bolsonaro na Sa\u00fade frustra at\u00e9 aliados. Centr\u00e3o acende sinal de alerta"},"content":{"rendered":"\n<p>O presidente Jair Bolsonaro anunciou Marcelo Queiroga para o cargo de ministro da Sa\u00fade, assumindo o posto antes ocupado por Eduardo Pazuello. Na oposi\u00e7\u00e3o, a mudan\u00e7a foi considerada como &#8220;seis por meia d\u00fazia&#8221;. A troca gerou frustra\u00e7\u00e3o at\u00e9 entre aliados pol\u00edticos do Centr\u00e3o. Apesar de agora posicionar um m\u00e9dico no lugar do general de divis\u00e3o do Ex\u00e9rcito, o novo titular da pasta j\u00e1 mostrou que n\u00e3o apresentar\u00e1 mudan\u00e7as na forma de gerenciar a crise sanit\u00e1ria decorrente da pandemia do Covid-19 em avan\u00e7o no pa\u00eds.<br>Nome ligado ao senador Fl\u00e1vio Bolsonaro, Queiroga n\u00e3o ir\u00e1 contrariar as insist\u00eancias negacionistas do presidente que, mesmo com o peso de quase 280 mil mortes pelo novo coronav\u00edrus em territ\u00f3rio nacional, ainda insiste no combate ao lockdown, incentiva aglomera\u00e7\u00f5es e o n\u00e3o uso de m\u00e1scaras. O novo ministro da Sa\u00fade foi escolhido pela ala ideol\u00f3gica do Governo.<br>A indica\u00e7\u00e3o do novo ministro \u00e9 considerada frustrante para o Centr\u00e3o, por quebrar a expectativa de mudan\u00e7as antes vista na m\u00e9dica Ludhmila Hajjar. O pr\u00f3prio presidente da C\u00e2mara, Arthur Lira, defendia a posse de Hajjar. Ministros do STF tamb\u00e9m defendiam uma guinada na pol\u00edtica de sa\u00fade no Minist\u00e9rio.<br>Parlamentares ligados ao Centr\u00e3o, que comp\u00f5em a base de Bolsonaro no Congresso, j\u00e1 afirmam ser esta a \u00faltima chance do presidente acertar na escolha de um nome para reverter o quadro cr\u00edtico da Covid-19. Caso contr\u00e1rio, a tend\u00eancia ser\u00e1 um isolamento cada vez maior do presidente. E uma press\u00e3o ainda maior sobre os fracassos de sua gest\u00e3o.<\/p>\n\n\n\n<figure class=\"wp-block-image size-large\"><img loading=\"lazy\" decoding=\"async\" width=\"659\" height=\"465\" src=\"https:\/\/blogdorogeriogomes.com.br\/wp-content\/uploads\/2021\/03\/images-92.jpeg\" alt=\"\" class=\"wp-image-20489\" srcset=\"https:\/\/blogdorogeriogomes.com.br\/noticias\/wp-content\/uploads\/2021\/03\/images-92.jpeg 659w, https:\/\/blogdorogeriogomes.com.br\/noticias\/wp-content\/uploads\/2021\/03\/images-92-300x212.jpeg 300w\" sizes=\"auto, (max-width: 659px) 100vw, 659px\" \/><\/figure>\n","protected":false},"excerpt":{"rendered":"<p>O presidente Jair Bolsonaro anunciou Marcelo Queiroga para o cargo de ministro da Sa\u00fade, assumindo o posto antes ocupado por Eduardo Pazuello. Na oposi\u00e7\u00e3o, a mudan\u00e7a foi considerada como &#8220;seis por meia d\u00fazia&#8221;. A troca gerou frustra\u00e7\u00e3o at\u00e9 entre aliados pol\u00edticos do Centr\u00e3o. Apesar de agora posicionar um m\u00e9dico no lugar do general de divis\u00e3o do Ex\u00e9rcito, o novo titular da pasta j\u00e1 mostrou que n\u00e3o apresentar\u00e1 mudan\u00e7as na forma de gerenciar a crise sanit\u00e1ria decorrente da pandemia do&hellip;<\/p>\n","protected":false},"author":1,"featured_media":20489,"comment_status":"open","ping_status":"open","sticky":false,"template":"","format":"standard","meta":{"footnotes":""},"categories":[1],"tags":[],"class_list":["post-20488","post","type-post","status-publish","format-standard","has-post-thumbnail","hentry","category-noticias"],"_links":{"self":[{"href":"https:\/\/blogdorogeriogomes.com.br\/noticias\/wp-json\/wp\/v2\/posts\/20488","targetHints":{"allow":["GET"]}}],"collection":[{"href":"https:\/\/blogdorogeriogomes.com.br\/noticias\/wp-json\/wp\/v2\/posts"}],"about":[{"href":"https:\/\/blogdorogeriogomes.com.br\/noticias\/wp-json\/wp\/v2\/types\/post"}],"author":[{"embeddable":true,"href":"https:\/\/blogdorogeriogomes.com.br\/noticias\/wp-json\/wp\/v2\/users\/1"}],"replies":[{"embeddable":true,"href":"https:\/\/blogdorogeriogomes.com.br\/noticias\/wp-json\/wp\/v2\/comments?post=20488"}],"version-history":[{"count":1,"href":"https:\/\/blogdorogeriogomes.com.br\/noticias\/wp-json\/wp\/v2\/posts\/20488\/revisions"}],"predecessor-version":[{"id":20490,"href":"https:\/\/blogdorogeriogomes.com.br\/noticias\/wp-json\/wp\/v2\/posts\/20488\/revisions\/20490"}],"wp:featuredmedia":[{"embeddable":true,"href":"https:\/\/blogdorogeriogomes.com.br\/noticias\/wp-json\/wp\/v2\/media\/20489"}],"wp:attachment":[{"href":"https:\/\/blogdorogeriogomes.com.br\/noticias\/wp-json\/wp\/v2\/media?parent=20488"}],"wp:term":[{"taxonomy":"category","embeddable":true,"href":"https:\/\/blogdorogeriogomes.com.br\/noticias\/wp-json\/wp\/v2\/categories?post=20488"},{"taxonomy":"post_tag","embeddable":true,"href":"https:\/\/blogdorogeriogomes.com.br\/noticias\/wp-json\/wp\/v2\/tags?post=20488"}],"curies":[{"name":"wp","href":"https:\/\/api.w.org\/{rel}","templated":true}]}}